{"id":18,"date":"2020-04-02T21:51:00","date_gmt":"2020-04-02T19:51:00","guid":{"rendered":"http:\/\/watchhouse.cz\/?p=18"},"modified":"2020-12-31T22:51:00","modified_gmt":"2020-12-31T21:51:00","slug":"montblanc-uvedl-na-slavnostnim-veceru-v-new-yorku-novou-edici-chytrych-hodinek","status":"publish","type":"post","link":"https:\/\/watchhouse.cz\/index.php\/montblanc-uvedl-na-slavnostnim-veceru-v-new-yorku-novou-edici-chytrych-hodinek\/","title":{"rendered":"Montblanc uvedl na slavnostn\u00edm ve\u010deru v New Yorku novou edici chytr\u00fdch hodinek"},"content":{"rendered":"\n<p><strong>Nezapomenuteln\u00fd z\u00e1\u017eitek propojuj\u00edc\u00ed cestov\u00e1n\u00ed a technologie p\u0159inesl Montblanc sv\u00fdm host\u016fm b\u011bhem slavnostn\u00edho ve\u010dera v New Yorku, v r\u00e1mci kter\u00e9ho odhalil hned dv\u011b novinky \u2013 prvn\u00ed chytr\u00e1 sluch\u00e1tka zna\u010dky Montblanc MB 01 a nov\u00e9 modely chytr\u00fdch hodinek Summit 2+. T\u011bmito nov\u00fdmi technologick\u00fdmi inovacemi Montblanc roz\u0161i\u0159uje svoji cestovn\u00ed kolekci vybavenou \u0161pi\u010dkov\u00fdmi technologiemi pro nejn\u00e1ro\u010dn\u011bj\u0161\u00ed business cestovatele, kte\u0159\u00ed z\u016fst\u00e1vaj\u00ed neust\u00e1le p\u0159ipojeni. Mezi pozvan\u00fdmi hosty ve\u010dera nechyb\u011bl ambasador zna\u010dky Montblanc Hugh Jackman, zp\u011bv\u00e1k a herec Quincy Brown, herec Dylan Sprouse, modelky Martha Hunt a Emily DiDonato nebo zp\u011bv\u00e1k a texta\u0159 Gabriel Kane Day-Lewis.&nbsp;<\/strong><\/p>\n\n\n\n<figure class=\"wp-block-image\"><img decoding=\"async\" src=\"http:\/\/luxurymagazine.cz\/wp-content\/uploads\/2020\/03\/Montblanc_event-NY-1-1024x683.jpg\" alt=\"\" class=\"wp-image-48\"\/><figcaption>Hugh Jackman, Martha Hunt, Gabriel-Kane Day-Lewis, Dylan Sprouse, and Quincy Brown.<\/figcaption><\/figure>\n\n\n\n<p>Na jeden ve\u010der se World of McIntosh Townhouse, historick\u00e1 budova v sousedstv\u00ed SoHo v New Yorku, p\u0159em\u011bnila na m\u00edsto, kde se host\u00e9 mohli pono\u0159it do sv\u011bta Montblanc a u\u017e\u00edt si odpo\u010dinku v seda\u010dk\u00e1ch Business Class Lounge. Ty byly vybaveny sluch\u00e1tky a dotekov\u00fdmi obrazovkami, kter\u00e9 umo\u017e\u0148ovaly otestovat sluch\u00e1tka a jejich funkce v re\u00e1ln\u00fdch cestovn\u00edch podm\u00ednk\u00e1ch. Hlasit\u00e1 hudba DJky Pamely Tick byla skv\u011blou kulisou pro vyzkou\u0161en\u00ed technologie pro potla\u010den\u00ed okoln\u00edho hluku.<\/p>\n\n\n\n<figure class=\"wp-block-image\"><img decoding=\"async\" src=\"http:\/\/luxurymagazine.cz\/wp-content\/uploads\/2020\/03\/Montblanc_event-NY_II-1-1024x683.jpg\" alt=\"\" class=\"wp-image-56\"\/><\/figure>\n\n\n\n<p>Sluch\u00e1tka&nbsp;<strong>Montblanc MB 01<\/strong>&nbsp;byla navr\u017eena pro stylov\u00e9 cestovatele, kte\u0159\u00ed hledaj\u00ed ergonomick\u00fd design, dokonal\u00fd komfort a kvalitu \u0159emesln\u00e9ho zpracov\u00e1n\u00ed Montblanc. Vylep\u0161en\u00e9 v\u0161emi funkcemi, kter\u00e9 z nich \u010din\u00ed nepostradateln\u00e9ho spole\u010dn\u00edka na cesty, sluch\u00e1tka designovan\u00e1 k nasazen\u00ed p\u0159es hlavu jsou vybavena technologi\u00ed pro potla\u010den\u00ed okoln\u00edho hluku, p\u016fsobiv\u00fdm zvukem s vysokou kvalitou, Google Assistantem a funguj\u00ed na \u0161irok\u00e9 \u0161k\u00e1le Bluetooth za\u0159\u00edzen\u00ed, v\u010detn\u011b iOS a Android.<\/p>\n\n\n\n<figure class=\"wp-block-image\"><img decoding=\"async\" src=\"http:\/\/luxurymagazine.cz\/wp-content\/uploads\/2020\/03\/Montblanc_event-NY_headphones-1-1024x683.jpg\" alt=\"\" class=\"wp-image-51\"\/><\/figure>\n\n\n\n<p>Smartwatch<strong>&nbsp;Summit 2+<\/strong>, nejnov\u011bj\u0161\u00ed z nositeln\u00fdch inovac\u00ed zna\u010dky Montblanc, jsou prvn\u00ed chytr\u00e9 hodinky podporuj\u00edc\u00ed eSim od Wear OS by Google, kter\u00e1 umo\u017e\u0148uje telefonovat, odpov\u00eddat na zpr\u00e1vy a p\u0159ipojit se kdykoliv k online slu\u017eb\u00e1m, i v p\u0159\u00edpad\u011b, \u017ee je nositel hodinek daleko od sv\u00e9ho chytr\u00e9ho telefonu. V\u00fdrazn\u00fd design Montblanc d\u00e1v\u00e1 milovn\u00edk\u016fm tradi\u010dn\u00edch hodinek mo\u017enost vyj\u00e1d\u0159it sebe sama a z\u00e1rove\u0148 si u\u017e\u00edt \u0161pi\u010dkov\u00e9 technologie ukryt\u00e9 ve 43,5mm ocelov\u00e9m pouzd\u0159e. D\u00edky nov\u00fdm funkc\u00edm v\u010detn\u011b n\u00e1stroj\u016f jako jsou m\u011b\u0159i\u010d rychlosti, v\u00fd\u0161kom\u011br, barometr, kompas a GPS jsou hodinky ide\u00e1ln\u00edm spole\u010dn\u00edkem na cesty a outdoor.<\/p>\n\n\n\n<figure class=\"wp-block-image\"><img decoding=\"async\" src=\"http:\/\/luxurymagazine.cz\/wp-content\/uploads\/2020\/03\/Montblanc_event-NY_Summit-2-1024x683.jpg\" alt=\"\" class=\"wp-image-60\"\/><\/figure>\n\n\n\n<p><strong>Sluch\u00e1tka Montblanc MB 01 jsou v prodeji v butic\u00edch Montblanc a online od b\u0159ezna 2020. Nov\u00e9 modely chytr\u00fdch hodinek Summit 2+ budou v prodeji od kv\u011btna 2020. Pro vice informac\u00ed nav\u0161tivte&nbsp;<a href=\"http:\/\/luxurymagazine.cz\/index.php\/2020\/03\/23\/montblanc-uvedl-na-slavnostnim-veceru-v-new-yorku-svoje-vubec-prvni-sluchatka-a-novou-edici-chytrych-hodinek\/www.montblanc.com\/MB01\">www.montblanc.com\/MB01<\/a>&nbsp;a&nbsp;&nbsp;<a href=\"http:\/\/luxurymagazine.cz\/index.php\/2020\/03\/23\/montblanc-uvedl-na-slavnostnim-veceru-v-new-yorku-svoje-vubec-prvni-sluchatka-a-novou-edici-chytrych-hodinek\/www.montblanc.com\/summit2\">www.montblanc.com\/summit2<\/a><\/strong>.<\/p>\n","protected":false},"excerpt":{"rendered":"<p>Nezapomenuteln\u00fd z\u00e1\u017eitek propojuj\u00edc\u00ed cestov\u00e1n\u00ed a technologie p\u0159inesl Montblanc sv\u00fdm host\u016fm b\u011bhem slavnostn\u00edho ve\u010dera v New Yorku, v r\u00e1mci kter\u00e9ho odhalil hned dv\u011b novinky \u2013 prvn\u00ed chytr\u00e1 sluch\u00e1tka zna\u010dky Montblanc MB 01 a nov\u00e9 modely chytr\u00fdch hodinek Summit 2+. T\u011bmito nov\u00fdmi technologick\u00fdmi inovacemi Montblanc roz\u0161i\u0159uje svoji cestovn\u00ed kolekci vybavenou \u0161pi\u010dkov\u00fdmi technologiemi pro nejn\u00e1ro\u010dn\u011bj\u0161\u00ed business cestovatele, kte\u0159\u00ed [&hellip;]<\/p>\n","protected":false},"author":1,"featured_media":19,"comment_status":"closed","ping_status":"closed","sticky":false,"template":"","format":"standard","meta":{"_mi_skip_tracking":false,"_monsterinsights_sitenote_active":false,"_monsterinsights_sitenote_note":"","_monsterinsights_sitenote_category":0,"footnotes":""},"categories":[7,2,1],"tags":[],"yoast_head":"<!-- This site is optimized with the Yoast SEO plugin v21.5 - https:\/\/yoast.com\/wordpress\/plugins\/seo\/ -->\n<title>Montblanc uvedl na slavnostn\u00edm ve\u010deru v New Yorku novou edici chytr\u00fdch hodinek - WatchHouse.cz<\/title>\n<meta name=\"robots\" content=\"index, follow, max-snippet:-1, max-image-preview:large, max-video-preview:-1\" \/>\n<link rel=\"canonical\" href=\"https:\/\/watchhouse.cz\/index.php\/montblanc-uvedl-na-slavnostnim-veceru-v-new-yorku-novou-edici-chytrych-hodinek\/\" \/>\n<meta property=\"og:locale\" content=\"cs_CZ\" \/>\n<meta property=\"og:type\" content=\"article\" \/>\n<meta property=\"og:title\" content=\"Montblanc uvedl na slavnostn\u00edm ve\u010deru v New Yorku novou edici chytr\u00fdch hodinek - WatchHouse.cz\" \/>\n<meta property=\"og:description\" content=\"Nezapomenuteln\u00fd z\u00e1\u017eitek propojuj\u00edc\u00ed cestov\u00e1n\u00ed a technologie p\u0159inesl Montblanc sv\u00fdm host\u016fm b\u011bhem slavnostn\u00edho ve\u010dera v New Yorku, v r\u00e1mci kter\u00e9ho odhalil hned dv\u011b novinky \u2013 prvn\u00ed chytr\u00e1 sluch\u00e1tka zna\u010dky Montblanc MB 01 a nov\u00e9 modely chytr\u00fdch hodinek Summit 2+. T\u011bmito nov\u00fdmi technologick\u00fdmi inovacemi Montblanc roz\u0161i\u0159uje svoji cestovn\u00ed kolekci vybavenou \u0161pi\u010dkov\u00fdmi technologiemi pro nejn\u00e1ro\u010dn\u011bj\u0161\u00ed business cestovatele, kte\u0159\u00ed [&hellip;]\" \/>\n<meta property=\"og:url\" content=\"https:\/\/watchhouse.cz\/index.php\/montblanc-uvedl-na-slavnostnim-veceru-v-new-yorku-novou-edici-chytrych-hodinek\/\" \/>\n<meta property=\"og:site_name\" content=\"WatchHouse.cz\" \/>\n<meta property=\"article:published_time\" content=\"2020-04-02T19:51:00+00:00\" \/>\n<meta property=\"article:modified_time\" content=\"2020-12-31T21:51:00+00:00\" \/>\n<meta property=\"og:image\" content=\"https:\/\/watchhouse.cz\/wp-content\/uploads\/2020\/04\/Montblanc_event-NY.jpg\" \/>\n\t<meta property=\"og:image:width\" content=\"1950\" \/>\n\t<meta property=\"og:image:height\" content=\"1300\" \/>\n\t<meta property=\"og:image:type\" content=\"image\/jpeg\" \/>\n<meta name=\"author\" content=\"Mikol\u00e1\u0161ek (\u0161\u00e9fredaktor HMG)\" \/>\n<meta name=\"twitter:card\" content=\"summary_large_image\" \/>\n<meta name=\"twitter:label1\" content=\"Napsal(a)\" \/>\n\t<meta name=\"twitter:data1\" content=\"Mikol\u00e1\u0161ek (\u0161\u00e9fredaktor HMG)\" \/>\n\t<meta name=\"twitter:label2\" content=\"Odhadovan\u00e1 doba \u010dten\u00ed\" \/>\n\t<meta name=\"twitter:data2\" content=\"2 minuty\" \/>\n<script type=\"application\/ld+json\" class=\"yoast-schema-graph\">{\"@context\":\"https:\/\/schema.org\",\"@graph\":[{\"@type\":\"Article\",\"@id\":\"https:\/\/watchhouse.cz\/index.php\/montblanc-uvedl-na-slavnostnim-veceru-v-new-yorku-novou-edici-chytrych-hodinek\/#article\",\"isPartOf\":{\"@id\":\"https:\/\/watchhouse.cz\/index.php\/montblanc-uvedl-na-slavnostnim-veceru-v-new-yorku-novou-edici-chytrych-hodinek\/\"},\"author\":{\"name\":\"Mikol\u00e1\u0161ek (\u0161\u00e9fredaktor HMG)\",\"@id\":\"https:\/\/watchhouse.cz\/#\/schema\/person\/54ede0b58525b272a188c6addadff7ca\"},\"headline\":\"Montblanc uvedl na slavnostn\u00edm ve\u010deru v New Yorku novou edici chytr\u00fdch hodinek\",\"datePublished\":\"2020-04-02T19:51:00+00:00\",\"dateModified\":\"2020-12-31T21:51:00+00:00\",\"mainEntityOfPage\":{\"@id\":\"https:\/\/watchhouse.cz\/index.php\/montblanc-uvedl-na-slavnostnim-veceru-v-new-yorku-novou-edici-chytrych-hodinek\/\"},\"wordCount\":496,\"publisher\":{\"@id\":\"https:\/\/watchhouse.cz\/#organization\"},\"articleSection\":[\"CHYTR\u00c9 HODINKY\",\"FOTOREPORTY\",\"NEWS\"],\"inLanguage\":\"cs\"},{\"@type\":\"WebPage\",\"@id\":\"https:\/\/watchhouse.cz\/index.php\/montblanc-uvedl-na-slavnostnim-veceru-v-new-yorku-novou-edici-chytrych-hodinek\/\",\"url\":\"https:\/\/watchhouse.cz\/index.php\/montblanc-uvedl-na-slavnostnim-veceru-v-new-yorku-novou-edici-chytrych-hodinek\/\",\"name\":\"Montblanc uvedl na slavnostn\u00edm ve\u010deru v New Yorku novou edici chytr\u00fdch hodinek - WatchHouse.cz\",\"isPartOf\":{\"@id\":\"https:\/\/watchhouse.cz\/#website\"},\"datePublished\":\"2020-04-02T19:51:00+00:00\",\"dateModified\":\"2020-12-31T21:51:00+00:00\",\"breadcrumb\":{\"@id\":\"https:\/\/watchhouse.cz\/index.php\/montblanc-uvedl-na-slavnostnim-veceru-v-new-yorku-novou-edici-chytrych-hodinek\/#breadcrumb\"},\"inLanguage\":\"cs\",\"potentialAction\":[{\"@type\":\"ReadAction\",\"target\":[\"https:\/\/watchhouse.cz\/index.php\/montblanc-uvedl-na-slavnostnim-veceru-v-new-yorku-novou-edici-chytrych-hodinek\/\"]}]},{\"@type\":\"BreadcrumbList\",\"@id\":\"https:\/\/watchhouse.cz\/index.php\/montblanc-uvedl-na-slavnostnim-veceru-v-new-yorku-novou-edici-chytrych-hodinek\/#breadcrumb\",\"itemListElement\":[{\"@type\":\"ListItem\",\"position\":1,\"name\":\"Dom\u016f\",\"item\":\"https:\/\/watchhouse.cz\/\"},{\"@type\":\"ListItem\",\"position\":2,\"name\":\"Montblanc uvedl na slavnostn\u00edm ve\u010deru v New Yorku novou edici chytr\u00fdch hodinek\"}]},{\"@type\":\"WebSite\",\"@id\":\"https:\/\/watchhouse.cz\/#website\",\"url\":\"https:\/\/watchhouse.cz\/\",\"name\":\"WatchHouse.cz\",\"description\":\" Port\u00e1l o hodink\u00e1ch a dopl\u0148c\u00edch...\",\"publisher\":{\"@id\":\"https:\/\/watchhouse.cz\/#organization\"},\"potentialAction\":[{\"@type\":\"SearchAction\",\"target\":{\"@type\":\"EntryPoint\",\"urlTemplate\":\"https:\/\/watchhouse.cz\/?s={search_term_string}\"},\"query-input\":\"required name=search_term_string\"}],\"inLanguage\":\"cs\"},{\"@type\":\"Organization\",\"@id\":\"https:\/\/watchhouse.cz\/#organization\",\"name\":\"WatchHouse.cz\",\"url\":\"https:\/\/watchhouse.cz\/\",\"logo\":{\"@type\":\"ImageObject\",\"inLanguage\":\"cs\",\"@id\":\"https:\/\/watchhouse.cz\/#\/schema\/logo\/image\/\",\"url\":\"https:\/\/watchhouse.cz\/wp-content\/uploads\/2024\/12\/cropped-Logo_WatchHouse.jpg\",\"contentUrl\":\"https:\/\/watchhouse.cz\/wp-content\/uploads\/2024\/12\/cropped-Logo_WatchHouse.jpg\",\"width\":934,\"height\":508,\"caption\":\"WatchHouse.cz\"},\"image\":{\"@id\":\"https:\/\/watchhouse.cz\/#\/schema\/logo\/image\/\"}},{\"@type\":\"Person\",\"@id\":\"https:\/\/watchhouse.cz\/#\/schema\/person\/54ede0b58525b272a188c6addadff7ca\",\"name\":\"Mikol\u00e1\u0161ek (\u0161\u00e9fredaktor HMG)\",\"sameAs\":[\"http:\/\/WatchHouse.cz\"],\"url\":\"https:\/\/watchhouse.cz\/index.php\/author\/ivomik\/\"}]}<\/script>\n<!-- \/ Yoast SEO plugin. -->","yoast_head_json":{"title":"Montblanc uvedl na slavnostn\u00edm ve\u010deru v New Yorku novou edici chytr\u00fdch hodinek - WatchHouse.cz","robots":{"index":"index","follow":"follow","max-snippet":"max-snippet:-1","max-image-preview":"max-image-preview:large","max-video-preview":"max-video-preview:-1"},"canonical":"https:\/\/watchhouse.cz\/index.php\/montblanc-uvedl-na-slavnostnim-veceru-v-new-yorku-novou-edici-chytrych-hodinek\/","og_locale":"cs_CZ","og_type":"article","og_title":"Montblanc uvedl na slavnostn\u00edm ve\u010deru v New Yorku novou edici chytr\u00fdch hodinek - WatchHouse.cz","og_description":"Nezapomenuteln\u00fd z\u00e1\u017eitek propojuj\u00edc\u00ed cestov\u00e1n\u00ed a technologie p\u0159inesl Montblanc sv\u00fdm host\u016fm b\u011bhem slavnostn\u00edho ve\u010dera v New Yorku, v r\u00e1mci kter\u00e9ho odhalil hned dv\u011b novinky \u2013 prvn\u00ed chytr\u00e1 sluch\u00e1tka zna\u010dky Montblanc MB 01 a nov\u00e9 modely chytr\u00fdch hodinek Summit 2+. T\u011bmito nov\u00fdmi technologick\u00fdmi inovacemi Montblanc roz\u0161i\u0159uje svoji cestovn\u00ed kolekci vybavenou \u0161pi\u010dkov\u00fdmi technologiemi pro nejn\u00e1ro\u010dn\u011bj\u0161\u00ed business cestovatele, kte\u0159\u00ed [&hellip;]","og_url":"https:\/\/watchhouse.cz\/index.php\/montblanc-uvedl-na-slavnostnim-veceru-v-new-yorku-novou-edici-chytrych-hodinek\/","og_site_name":"WatchHouse.cz","article_published_time":"2020-04-02T19:51:00+00:00","article_modified_time":"2020-12-31T21:51:00+00:00","og_image":[{"width":1950,"height":1300,"url":"https:\/\/watchhouse.cz\/wp-content\/uploads\/2020\/04\/Montblanc_event-NY.jpg","type":"image\/jpeg"}],"author":"Mikol\u00e1\u0161ek (\u0161\u00e9fredaktor HMG)","twitter_card":"summary_large_image","twitter_misc":{"Napsal(a)":"Mikol\u00e1\u0161ek (\u0161\u00e9fredaktor HMG)","Odhadovan\u00e1 doba \u010dten\u00ed":"2 minuty"},"schema":{"@context":"https:\/\/schema.org","@graph":[{"@type":"Article","@id":"https:\/\/watchhouse.cz\/index.php\/montblanc-uvedl-na-slavnostnim-veceru-v-new-yorku-novou-edici-chytrych-hodinek\/#article","isPartOf":{"@id":"https:\/\/watchhouse.cz\/index.php\/montblanc-uvedl-na-slavnostnim-veceru-v-new-yorku-novou-edici-chytrych-hodinek\/"},"author":{"name":"Mikol\u00e1\u0161ek (\u0161\u00e9fredaktor HMG)","@id":"https:\/\/watchhouse.cz\/#\/schema\/person\/54ede0b58525b272a188c6addadff7ca"},"headline":"Montblanc uvedl na slavnostn\u00edm ve\u010deru v New Yorku novou edici chytr\u00fdch hodinek","datePublished":"2020-04-02T19:51:00+00:00","dateModified":"2020-12-31T21:51:00+00:00","mainEntityOfPage":{"@id":"https:\/\/watchhouse.cz\/index.php\/montblanc-uvedl-na-slavnostnim-veceru-v-new-yorku-novou-edici-chytrych-hodinek\/"},"wordCount":496,"publisher":{"@id":"https:\/\/watchhouse.cz\/#organization"},"articleSection":["CHYTR\u00c9 HODINKY","FOTOREPORTY","NEWS"],"inLanguage":"cs"},{"@type":"WebPage","@id":"https:\/\/watchhouse.cz\/index.php\/montblanc-uvedl-na-slavnostnim-veceru-v-new-yorku-novou-edici-chytrych-hodinek\/","url":"https:\/\/watchhouse.cz\/index.php\/montblanc-uvedl-na-slavnostnim-veceru-v-new-yorku-novou-edici-chytrych-hodinek\/","name":"Montblanc uvedl na slavnostn\u00edm ve\u010deru v New Yorku novou edici chytr\u00fdch hodinek - WatchHouse.cz","isPartOf":{"@id":"https:\/\/watchhouse.cz\/#website"},"datePublished":"2020-04-02T19:51:00+00:00","dateModified":"2020-12-31T21:51:00+00:00","breadcrumb":{"@id":"https:\/\/watchhouse.cz\/index.php\/montblanc-uvedl-na-slavnostnim-veceru-v-new-yorku-novou-edici-chytrych-hodinek\/#breadcrumb"},"inLanguage":"cs","potentialAction":[{"@type":"ReadAction","target":["https:\/\/watchhouse.cz\/index.php\/montblanc-uvedl-na-slavnostnim-veceru-v-new-yorku-novou-edici-chytrych-hodinek\/"]}]},{"@type":"BreadcrumbList","@id":"https:\/\/watchhouse.cz\/index.php\/montblanc-uvedl-na-slavnostnim-veceru-v-new-yorku-novou-edici-chytrych-hodinek\/#breadcrumb","itemListElement":[{"@type":"ListItem","position":1,"name":"Dom\u016f","item":"https:\/\/watchhouse.cz\/"},{"@type":"ListItem","position":2,"name":"Montblanc uvedl na slavnostn\u00edm ve\u010deru v New Yorku novou edici chytr\u00fdch hodinek"}]},{"@type":"WebSite","@id":"https:\/\/watchhouse.cz\/#website","url":"https:\/\/watchhouse.cz\/","name":"WatchHouse.cz","description":" Port\u00e1l o hodink\u00e1ch a dopl\u0148c\u00edch...","publisher":{"@id":"https:\/\/watchhouse.cz\/#organization"},"potentialAction":[{"@type":"SearchAction","target":{"@type":"EntryPoint","urlTemplate":"https:\/\/watchhouse.cz\/?s={search_term_string}"},"query-input":"required name=search_term_string"}],"inLanguage":"cs"},{"@type":"Organization","@id":"https:\/\/watchhouse.cz\/#organization","name":"WatchHouse.cz","url":"https:\/\/watchhouse.cz\/","logo":{"@type":"ImageObject","inLanguage":"cs","@id":"https:\/\/watchhouse.cz\/#\/schema\/logo\/image\/","url":"https:\/\/watchhouse.cz\/wp-content\/uploads\/2024\/12\/cropped-Logo_WatchHouse.jpg","contentUrl":"https:\/\/watchhouse.cz\/wp-content\/uploads\/2024\/12\/cropped-Logo_WatchHouse.jpg","width":934,"height":508,"caption":"WatchHouse.cz"},"image":{"@id":"https:\/\/watchhouse.cz\/#\/schema\/logo\/image\/"}},{"@type":"Person","@id":"https:\/\/watchhouse.cz\/#\/schema\/person\/54ede0b58525b272a188c6addadff7ca","name":"Mikol\u00e1\u0161ek (\u0161\u00e9fredaktor HMG)","sameAs":["http:\/\/WatchHouse.cz"],"url":"https:\/\/watchhouse.cz\/index.php\/author\/ivomik\/"}]}},"_links":{"self":[{"href":"https:\/\/watchhouse.cz\/index.php\/wp-json\/wp\/v2\/posts\/18"}],"collection":[{"href":"https:\/\/watchhouse.cz\/index.php\/wp-json\/wp\/v2\/posts"}],"about":[{"href":"https:\/\/watchhouse.cz\/index.php\/wp-json\/wp\/v2\/types\/post"}],"author":[{"embeddable":true,"href":"https:\/\/watchhouse.cz\/index.php\/wp-json\/wp\/v2\/users\/1"}],"replies":[{"embeddable":true,"href":"https:\/\/watchhouse.cz\/index.php\/wp-json\/wp\/v2\/comments?post=18"}],"version-history":[{"count":-4,"href":"https:\/\/watchhouse.cz\/index.php\/wp-json\/wp\/v2\/posts\/18\/revisions"}],"wp:featuredmedia":[{"embeddable":true,"href":"https:\/\/watchhouse.cz\/index.php\/wp-json\/wp\/v2\/media\/19"}],"wp:attachment":[{"href":"https:\/\/watchhouse.cz\/index.php\/wp-json\/wp\/v2\/media?parent=18"}],"wp:term":[{"taxonomy":"category","embeddable":true,"href":"https:\/\/watchhouse.cz\/index.php\/wp-json\/wp\/v2\/categories?post=18"},{"taxonomy":"post_tag","embeddable":true,"href":"https:\/\/watchhouse.cz\/index.php\/wp-json\/wp\/v2\/tags?post=18"}],"curies":[{"name":"wp","href":"https:\/\/api.w.org\/{rel}","templated":true}]}}