{"id":263,"date":"2020-06-23T23:48:51","date_gmt":"2020-06-23T21:48:51","guid":{"rendered":"https:\/\/watchhouse.cz\/?p=263"},"modified":"2021-01-15T01:50:46","modified_gmt":"2021-01-15T00:50:46","slug":"praha-bude-hostit-nejvetsi-veletrh-hodinek-ve-stredni-a-vychodni-evrope","status":"publish","type":"post","link":"https:\/\/watchhouse.cz\/index.php\/praha-bude-hostit-nejvetsi-veletrh-hodinek-ve-stredni-a-vychodni-evrope\/","title":{"rendered":"Praha bude hostit nejv\u011bt\u0161\u00ed veletrh hodinek ve st\u0159edn\u00ed a v\u00fdchodn\u00ed Evrop\u011b"},"content":{"rendered":"\n<p><strong>U\u017e na podzim se mohou milovn\u00edci hodin\u00e1\u0159sk\u00e9ho um\u011bn\u00ed t\u011b\u0161it na 7. ro\u010dn\u00edk veletrhu v\u00fdjime\u010dn\u00fdch hodinek Salon Exceptional Watches, kter\u00fd se bude konat ji\u017e podruh\u00e9 v&nbsp;reprezentativn\u00edch prostor\u00e1ch pal\u00e1ce \u017dof\u00edn, a to ve dnech 16. a 17. \u0159\u00edjna. Minul\u00e9ho ro\u010dn\u00edku se z\u00fa\u010dastnilo 44 vystavovatel\u016f a &nbsp;v\u00edce ne\u017e 3&nbsp;000 n\u00e1v\u0161t\u011bvn\u00edk\u016f. Leto\u0161n\u00ed ro\u010dn\u00edk se stejn\u011b jako p\u0159edchoz\u00ed py\u0161n\u00ed sv\u011btozn\u00e1m\u00fdmi zna\u010dkami vysok\u00e9ho hodin\u00e1\u0159stv\u00ed, ale i nez\u00e1visl\u00fdmi tuzemsk\u00fdmi zna\u010dkami a zaj\u00edmav\u00fdmi men\u0161\u00edmi manufakturami. V\u00fdstava v&nbsp;\u010cesk\u00e9 republice se co do velikosti a mno\u017estv\u00ed expon\u00e1t\u016f \u0159ad\u00ed na pozici nejv\u011bt\u0161\u00edho veletrhu hodinek ve st\u0159edn\u00ed a v\u00fdchodn\u00ed&nbsp;Evrop\u011b. <\/strong> <\/p>\n\n\n\n<figure class=\"wp-block-image size-large\"><img decoding=\"async\" loading=\"lazy\" width=\"1024\" height=\"684\" src=\"https:\/\/watchhouse.cz\/wp-content\/uploads\/2020\/06\/Salon-Exceptional-Watches_SEW_20195-1024x684.jpg\" alt=\"\" class=\"wp-image-264\" srcset=\"https:\/\/watchhouse.cz\/wp-content\/uploads\/2020\/06\/Salon-Exceptional-Watches_SEW_20195-1024x684.jpg 1024w, https:\/\/watchhouse.cz\/wp-content\/uploads\/2020\/06\/Salon-Exceptional-Watches_SEW_20195-300x200.jpg 300w, https:\/\/watchhouse.cz\/wp-content\/uploads\/2020\/06\/Salon-Exceptional-Watches_SEW_20195-768x513.jpg 768w, https:\/\/watchhouse.cz\/wp-content\/uploads\/2020\/06\/Salon-Exceptional-Watches_SEW_20195-1536x1026.jpg 1536w, https:\/\/watchhouse.cz\/wp-content\/uploads\/2020\/06\/Salon-Exceptional-Watches_SEW_20195.jpg 1649w\" sizes=\"(max-width: 1024px) 100vw, 1024px\" \/><\/figure>\n\n\n\n<p>Z&nbsp;d\u016fvod\u016f vl\u00e1dn\u00edch opat\u0159en\u00ed jednotliv\u00fdch st\u00e1t\u016f kv\u016fli pandemii Covid-19 byly v&nbsp;tomto roce zru\u0161eny \u0161v\u00fdcarsk\u00e9 st\u00e1lice v&nbsp;oblasti v\u00fdstavnictv\u00ed, tak\u017ee Salon Exceptional Watches bude o to exkluzivn\u011bj\u0161\u00ed v tom, co mohou n\u00e1v\u0161t\u011bvn\u00edci vid\u011bt a vystavovatel\u00e9 na\u017eivo prezentovat. Zat\u00edmco cel\u00fd koncept legend\u00e1rn\u00edho basilejsk\u00e9ho veletrhu \u0161perk\u016f a hodinek BaselWorld byl zru\u0161en \u00fapln\u011b, konkuren\u010dn\u00ed Salon International de la Haute Horlogerie se konal pouze virtu\u00e1ln\u011b, a to pod nov\u00fdm n\u00e1zvem Watches &amp; Wonders. A tak jedinou akc\u00ed, kter\u00e1 prob\u011bhla, byla mnichovsk\u00e1 Inhorgenta, ta v\u0161ak byla tradi\u010dn\u011b zam\u011b\u0159ena hlavn\u011b na klenotnick\u00fd segment a &nbsp;hodina\u0159ina zde byla pouze p\u0159idru\u017eenou exhibic\u00ed. <em>\u201ePra\u017esk\u00fd veletrh Salon Exceptional Watches, SEW, se sice bude konat letos teprve posedm\u00e9, p\u0159esto m\u00e1me ambici obh\u00e1jit pozici nejv\u011bt\u0161\u00edho veletrhu hodinek ve st\u0159edn\u00ed a v\u00fdchodn\u00ed&nbsp;Evrop\u011b.Jsme jednou z&nbsp;m\u00e1la p\u0159\u00edle\u017eitost\u00ed, kde letos mohou b\u00fdt ofici\u00e1ln\u011b p\u0159edstaveny sv\u011btov\u00e9 i \u010desk\u00e9 premi\u00e9ry<\/em>,\u201c uvedl Jan Pokorn\u00fd, gener\u00e1ln\u00ed \u0159editel SEW.<\/p>\n\n\n\n<figure class=\"wp-block-image size-large\"><img decoding=\"async\" loading=\"lazy\" width=\"1024\" height=\"682\" src=\"https:\/\/watchhouse.cz\/wp-content\/uploads\/2020\/06\/Salon-Exceptional-Watches_SEW_2019_15-1024x682.jpg\" alt=\"\" class=\"wp-image-265\" srcset=\"https:\/\/watchhouse.cz\/wp-content\/uploads\/2020\/06\/Salon-Exceptional-Watches_SEW_2019_15-1024x682.jpg 1024w, https:\/\/watchhouse.cz\/wp-content\/uploads\/2020\/06\/Salon-Exceptional-Watches_SEW_2019_15-300x200.jpg 300w, https:\/\/watchhouse.cz\/wp-content\/uploads\/2020\/06\/Salon-Exceptional-Watches_SEW_2019_15-768x512.jpg 768w, https:\/\/watchhouse.cz\/wp-content\/uploads\/2020\/06\/Salon-Exceptional-Watches_SEW_2019_15-1536x1024.jpg 1536w, https:\/\/watchhouse.cz\/wp-content\/uploads\/2020\/06\/Salon-Exceptional-Watches_SEW_2019_15-730x485.jpg 730w, https:\/\/watchhouse.cz\/wp-content\/uploads\/2020\/06\/Salon-Exceptional-Watches_SEW_2019_15.jpg 1652w\" sizes=\"(max-width: 1024px) 100vw, 1024px\" \/><\/figure>\n\n\n\n<p>Pozornost op\u011bt p\u0159il\u00e1k\u00e1 n\u011bkolik des\u00edtek hodin\u00e1\u0159sk\u00fdch zna\u010dek z&nbsp;\u0159ady zem\u00ed Evropy a samoz\u0159ejm\u011b nebudou chyb\u011bt ani tuzem\u0161t\u00ed producenti. Hodin\u00e1\u0159sk\u00fd veletrh tak\u00e9 nab\u00eddne zcela novou zna\u010dku Bohematic, kter\u00e1 se ve\u0159ejnosti p\u0159edstav\u00ed v\u016fbec poprv\u00e9. Svou expozici nav\u00edc obohat\u00ed o zcela nov\u00fd chronograf Minor, jeho\u017e premi\u00e9ra pot\u011b\u0161\u00ed i ty, kte\u0159\u00ed ji\u017e znaj\u00ed existuj\u00edc\u00ed model Graphic Sutnar.<\/p>\n\n\n\n<p>Debutovat na \u010desk\u00e9m trhu bude nez\u00e1visl\u00e1 inovativn\u00ed zna\u010dka Trilobe Watches z Francie, jej\u00ed\u017e hrav\u00fd prstencov\u00fd syst\u00e9m indikace \u010dasu oslov\u00ed nejednoho nad\u0161ence jemn\u00e9 mechaniky. Stoj\u00ed za n\u00edm slavn\u00fd hodin\u00e1\u0159 Jean-Fran\u00e7ois Mojon se sv\u00fdm ateli\u00e9rem Chronode, s n\u00edm\u017e vyv\u00edjel strojky pro takov\u00e9 ikony, jak\u00fdmi jsou zna\u010dky Herm?s, MB&amp;F nebo t\u0159eba Czapek Gen\u00e9ve. <\/p>\n\n\n\n<figure class=\"wp-block-image size-large\"><img decoding=\"async\" loading=\"lazy\" width=\"1024\" height=\"682\" src=\"https:\/\/watchhouse.cz\/wp-content\/uploads\/2020\/06\/Salon-Exceptional-Watches_SEW_2019_25-1024x682.jpg\" alt=\"\" class=\"wp-image-266\" srcset=\"https:\/\/watchhouse.cz\/wp-content\/uploads\/2020\/06\/Salon-Exceptional-Watches_SEW_2019_25-1024x682.jpg 1024w, https:\/\/watchhouse.cz\/wp-content\/uploads\/2020\/06\/Salon-Exceptional-Watches_SEW_2019_25-300x200.jpg 300w, https:\/\/watchhouse.cz\/wp-content\/uploads\/2020\/06\/Salon-Exceptional-Watches_SEW_2019_25-768x512.jpg 768w, https:\/\/watchhouse.cz\/wp-content\/uploads\/2020\/06\/Salon-Exceptional-Watches_SEW_2019_25-1536x1024.jpg 1536w, https:\/\/watchhouse.cz\/wp-content\/uploads\/2020\/06\/Salon-Exceptional-Watches_SEW_2019_25-730x485.jpg 730w, https:\/\/watchhouse.cz\/wp-content\/uploads\/2020\/06\/Salon-Exceptional-Watches_SEW_2019_25.jpg 1652w\" sizes=\"(max-width: 1024px) 100vw, 1024px\" \/><\/figure>\n\n\n\n<p>Do t\u0159etice lze prozradit \u00fa\u010dast priv\u00e1tn\u00ed n\u011bmeck\u00e9 zna\u010dky Tutima z&nbsp;pohrani\u010dn\u00edho Glash\u00fctte, kter\u00e1 bude v&nbsp;r\u00e1mci veletrhu SEW vystavovat ji\u017e pot\u0159et\u00ed. \u201e<em>Moc n\u00e1s t\u011b\u0161\u00ed z\u00e1jem ze strany \u010desk\u00fdch sb\u011bratel\u016f hodinek o&nbsp;na\u0161i manufakturn\u00ed produkci, a to konkr\u00e9tn\u011b o lo\u0148skou novinku Patria, postavenou na na\u0161em kalibru 617 s&nbsp;manu\u00e1ln\u00edm n\u00e1tahem<\/em>,\u201c prozrazuje \u0159editel v\u00fdroby Alexander Philipp, kter\u00fd na v\u00fdstav\u011b bude hodinky op\u011bt osobn\u011b prezentovat. <em>\u201eJe zaj\u00edmav\u00e9, jak velmi rychle se n\u00e1m na trhu poda\u0159ilo tuto linii etablovat. Na&nbsp;\u017dof\u00edn\u011b se v\u0161ak budeme prezentovat i na\u0161\u00ed z\u00e1kladn\u00ed \u0159adou pilotn\u00edch hodinek, kterou jsme letos roz\u0161\u00ed\u0159ili o r\u016fzn\u00e1 barevn\u00e1 vzez\u0159en\u00ed,\u201c<\/em> dod\u00e1v\u00e1.<\/p>\n\n\n\n<p>Sou\u010d\u00e1st\u00ed nadch\u00e1zej\u00edc\u00edho ro\u010dn\u00edku hodin\u00e1\u0159sk\u00e9 v\u00fdstavy SEW tradi\u010dn\u011b bude slavnostn\u00ed ve\u010der s&nbsp;mo\u017enost\u00ed exkluzivn\u00edch priv\u00e1tn\u00edch prezentac\u00ed koncov\u00fdm z\u00e1kazn\u00edk\u016fm. Cel\u00fd ve\u010der je oslavou hodin\u00e1\u0159sk\u00e9ho \u0159emesla za \u00fa\u010dasti osobnost\u00ed sv\u011btov\u00e9 hodina\u0159iny a majitel\u016f zna\u010dek. Stejn\u011b jako v&nbsp;p\u0159edchoz\u00edch ro\u010dn\u00edc\u00edch bude SEW ud\u011blovat presti\u017en\u00ed ocen\u011bn\u00ed Watch of the Year \u2013 Hodinky roku. O v\u00edt\u011bzi rozhoduj\u00ed n\u00e1v\u0161t\u011bvn\u00edci veletrhu. C\u00edlem akce je nejen podpo\u0159it v\u00fdrobce a prodejce, ale t\u00e9\u017e formou besed, p\u0159edn\u00e1\u0161ek a&nbsp;prezentac\u00ed zv\u00fd\u0161it celkov\u00e9 pov\u011bdom\u00ed o mechanick\u00fdch hodink\u00e1ch a kr\u00e1se \u0159emesla mistr\u016f hodin\u00e1\u0159\u016f, kte\u0159\u00ed ka\u017ed\u00fdm rokem ohromuj\u00ed perfektn\u00edmi produkty skr\u00fdvaj\u00edc\u00edmi v&nbsp;sob\u011b nezam\u011bniteln\u00fd hodin\u00e1\u0159sk\u00fd um a&nbsp;vysokou \u0159emeslnou dovednost. <\/p>\n\n\n\n<p>Vstupenky jsou ji\u017e v&nbsp;p\u0159edprodeji prost\u0159ednictv\u00edm goout.net. V\u00edce informac\u00ed o programu a&nbsp;prodeji vstupenek je k&nbsp;dispozici na www.sewpraha.cz.<\/p>\n\n\n\n<figure class=\"wp-block-image size-large\"><img decoding=\"async\" loading=\"lazy\" width=\"1024\" height=\"682\" src=\"https:\/\/watchhouse.cz\/wp-content\/uploads\/2020\/06\/Salon-Exceptional-Watches_SEW_2019_35-1024x682.jpg\" alt=\"\" class=\"wp-image-267\" srcset=\"https:\/\/watchhouse.cz\/wp-content\/uploads\/2020\/06\/Salon-Exceptional-Watches_SEW_2019_35-1024x682.jpg 1024w, https:\/\/watchhouse.cz\/wp-content\/uploads\/2020\/06\/Salon-Exceptional-Watches_SEW_2019_35-300x200.jpg 300w, https:\/\/watchhouse.cz\/wp-content\/uploads\/2020\/06\/Salon-Exceptional-Watches_SEW_2019_35-768x512.jpg 768w, https:\/\/watchhouse.cz\/wp-content\/uploads\/2020\/06\/Salon-Exceptional-Watches_SEW_2019_35-1536x1024.jpg 1536w, https:\/\/watchhouse.cz\/wp-content\/uploads\/2020\/06\/Salon-Exceptional-Watches_SEW_2019_35-730x485.jpg 730w, https:\/\/watchhouse.cz\/wp-content\/uploads\/2020\/06\/Salon-Exceptional-Watches_SEW_2019_35.jpg 1652w\" sizes=\"(max-width: 1024px) 100vw, 1024px\" \/><\/figure>\n\n\n\n<h4 class=\"wp-block-heading\"><strong>Stru\u010dn\u00e1\nhistorie Salon Exceptional Watches<\/strong><\/h4>\n\n\n\n<p><strong>2014:<\/strong> <\/p>\n\n\n\n<p>8 vystavovatel\u016f, 700+ n\u00e1v\u0161t\u011bvn\u00edk\u016f<\/p>\n\n\n\n<p>Hotel\nInternational v Brn\u011b<\/p>\n\n\n\n<p>Watch\nof the Year: Molnar Fabry \u2013 Invertum<\/p>\n\n\n\n<p><strong><br>2015:<\/strong><\/p>\n\n\n\n<p>15 vystavovatel\u016f, 1&nbsp;000+ n\u00e1v\u0161t\u011bvn\u00edk\u016f<\/p>\n\n\n\n<p>Moravsk\u00e1 galerie v Brn\u011b<\/p>\n\n\n\n<p>Watch of the Year: Schaumburg Watch \u2013 Moon Galaxy<\/p>\n\n\n\n<p><strong><br>2016:<\/strong><\/p>\n\n\n\n<p>29\nvystavovatel\u016f, 1&nbsp;500+ n\u00e1v\u0161t\u011bvn\u00edk\u016f<\/p>\n\n\n\n<p>Moravsk\u00e1\ngalerie v Brn\u011b<\/p>\n\n\n\n<p>Watch of the Year: H. Moser &amp; Cie. \u2013 Endeavour Perpetual Calendar Concept<strong><br><\/strong><\/p>\n\n\n\n<p><strong>2017:<\/strong><\/p>\n\n\n\n<p>33\nvystavovatel\u016f, 2&nbsp;000+ n\u00e1v\u0161t\u011bvn\u00edk\u016f<\/p>\n\n\n\n<p>Moravsk\u00e1\ngalerie v Brn\u011b<\/p>\n\n\n\n<p>Watch of the Year: IWC \u2013 Da Vinci Perpetual Calendar Chronograph<strong><br> <\/strong><\/p>\n\n\n\n<p><strong>2018:<\/strong><\/p>\n\n\n\n<p>33\nvystavovatel\u016f, 2&nbsp;500+ n\u00e1v\u0161t\u011bvn\u00edk\u016f<\/p>\n\n\n\n<p>Moravsk\u00e1\ngalerie v Brn\u011b<\/p>\n\n\n\n<p><\/p>\n\n\n\n<p>Watch of the Year: Czapek Geneve \u2013 Faubourg De Cracovie Chronograph<strong><br> <\/strong><\/p>\n\n\n\n<p><strong>2019:<\/strong><\/p>\n\n\n\n<p>44\nvystavovatel\u016f, 3&nbsp;000+ n\u00e1v\u0161t\u011bvn\u00edk\u016f<\/p>\n\n\n\n<p>Pal\u00e1c\n\u017dof\u00edn v Praze<\/p>\n\n\n\n<p>Watch of the Year: Czapek Geneve &#8211; Place Vend\u00f4me \u201eOmbres\u201c<\/p>\n\n\n\n<div style=\"height:20px\" aria-hidden=\"true\" class=\"wp-block-spacer\"><\/div>\n\n\n\n<figure class=\"wp-block-gallery columns-2 is-cropped wp-block-gallery-1 is-layout-flex wp-block-gallery-is-layout-flex\"><ul class=\"blocks-gallery-grid\"><li class=\"blocks-gallery-item\"><figure><img decoding=\"async\" loading=\"lazy\" width=\"1024\" height=\"684\" src=\"https:\/\/watchhouse.cz\/wp-content\/uploads\/2020\/06\/Salon-Exceptional-Watches_SEW_20195-1024x684.jpg\" alt=\"\" data-id=\"264\" data-full-url=\"https:\/\/watchhouse.cz\/wp-content\/uploads\/2020\/06\/Salon-Exceptional-Watches_SEW_20195.jpg\" data-link=\"https:\/\/watchhouse.cz\/?attachment_id=264\" class=\"wp-image-264\" srcset=\"https:\/\/watchhouse.cz\/wp-content\/uploads\/2020\/06\/Salon-Exceptional-Watches_SEW_20195-1024x684.jpg 1024w, https:\/\/watchhouse.cz\/wp-content\/uploads\/2020\/06\/Salon-Exceptional-Watches_SEW_20195-300x200.jpg 300w, https:\/\/watchhouse.cz\/wp-content\/uploads\/2020\/06\/Salon-Exceptional-Watches_SEW_20195-768x513.jpg 768w, https:\/\/watchhouse.cz\/wp-content\/uploads\/2020\/06\/Salon-Exceptional-Watches_SEW_20195-1536x1026.jpg 1536w, https:\/\/watchhouse.cz\/wp-content\/uploads\/2020\/06\/Salon-Exceptional-Watches_SEW_20195.jpg 1649w\" sizes=\"(max-width: 1024px) 100vw, 1024px\" \/><\/figure><\/li><li class=\"blocks-gallery-item\"><figure><img decoding=\"async\" loading=\"lazy\" width=\"1024\" height=\"682\" src=\"https:\/\/watchhouse.cz\/wp-content\/uploads\/2020\/06\/Salon-Exceptional-Watches_SEW_2019_15-1024x682.jpg\" alt=\"\" data-id=\"265\" data-full-url=\"https:\/\/watchhouse.cz\/wp-content\/uploads\/2020\/06\/Salon-Exceptional-Watches_SEW_2019_15.jpg\" data-link=\"https:\/\/watchhouse.cz\/?attachment_id=265\" class=\"wp-image-265\" srcset=\"https:\/\/watchhouse.cz\/wp-content\/uploads\/2020\/06\/Salon-Exceptional-Watches_SEW_2019_15-1024x682.jpg 1024w, https:\/\/watchhouse.cz\/wp-content\/uploads\/2020\/06\/Salon-Exceptional-Watches_SEW_2019_15-300x200.jpg 300w, https:\/\/watchhouse.cz\/wp-content\/uploads\/2020\/06\/Salon-Exceptional-Watches_SEW_2019_15-768x512.jpg 768w, https:\/\/watchhouse.cz\/wp-content\/uploads\/2020\/06\/Salon-Exceptional-Watches_SEW_2019_15-1536x1024.jpg 1536w, https:\/\/watchhouse.cz\/wp-content\/uploads\/2020\/06\/Salon-Exceptional-Watches_SEW_2019_15-730x485.jpg 730w, https:\/\/watchhouse.cz\/wp-content\/uploads\/2020\/06\/Salon-Exceptional-Watches_SEW_2019_15.jpg 1652w\" sizes=\"(max-width: 1024px) 100vw, 1024px\" \/><\/figure><\/li><li class=\"blocks-gallery-item\"><figure><img decoding=\"async\" loading=\"lazy\" width=\"1024\" height=\"682\" src=\"https:\/\/watchhouse.cz\/wp-content\/uploads\/2020\/06\/Salon-Exceptional-Watches_SEW_2019_25-1024x682.jpg\" alt=\"\" data-id=\"266\" data-full-url=\"https:\/\/watchhouse.cz\/wp-content\/uploads\/2020\/06\/Salon-Exceptional-Watches_SEW_2019_25.jpg\" data-link=\"https:\/\/watchhouse.cz\/?attachment_id=266\" class=\"wp-image-266\" srcset=\"https:\/\/watchhouse.cz\/wp-content\/uploads\/2020\/06\/Salon-Exceptional-Watches_SEW_2019_25-1024x682.jpg 1024w, https:\/\/watchhouse.cz\/wp-content\/uploads\/2020\/06\/Salon-Exceptional-Watches_SEW_2019_25-300x200.jpg 300w, https:\/\/watchhouse.cz\/wp-content\/uploads\/2020\/06\/Salon-Exceptional-Watches_SEW_2019_25-768x512.jpg 768w, https:\/\/watchhouse.cz\/wp-content\/uploads\/2020\/06\/Salon-Exceptional-Watches_SEW_2019_25-1536x1024.jpg 1536w, https:\/\/watchhouse.cz\/wp-content\/uploads\/2020\/06\/Salon-Exceptional-Watches_SEW_2019_25-730x485.jpg 730w, https:\/\/watchhouse.cz\/wp-content\/uploads\/2020\/06\/Salon-Exceptional-Watches_SEW_2019_25.jpg 1652w\" sizes=\"(max-width: 1024px) 100vw, 1024px\" \/><\/figure><\/li><li class=\"blocks-gallery-item\"><figure><img decoding=\"async\" loading=\"lazy\" width=\"1024\" height=\"682\" src=\"https:\/\/watchhouse.cz\/wp-content\/uploads\/2020\/06\/Salon-Exceptional-Watches_SEW_2019_35-1024x682.jpg\" alt=\"\" data-id=\"267\" data-full-url=\"https:\/\/watchhouse.cz\/wp-content\/uploads\/2020\/06\/Salon-Exceptional-Watches_SEW_2019_35.jpg\" data-link=\"https:\/\/watchhouse.cz\/?attachment_id=267\" class=\"wp-image-267\" srcset=\"https:\/\/watchhouse.cz\/wp-content\/uploads\/2020\/06\/Salon-Exceptional-Watches_SEW_2019_35-1024x682.jpg 1024w, https:\/\/watchhouse.cz\/wp-content\/uploads\/2020\/06\/Salon-Exceptional-Watches_SEW_2019_35-300x200.jpg 300w, https:\/\/watchhouse.cz\/wp-content\/uploads\/2020\/06\/Salon-Exceptional-Watches_SEW_2019_35-768x512.jpg 768w, https:\/\/watchhouse.cz\/wp-content\/uploads\/2020\/06\/Salon-Exceptional-Watches_SEW_2019_35-1536x1024.jpg 1536w, https:\/\/watchhouse.cz\/wp-content\/uploads\/2020\/06\/Salon-Exceptional-Watches_SEW_2019_35-730x485.jpg 730w, https:\/\/watchhouse.cz\/wp-content\/uploads\/2020\/06\/Salon-Exceptional-Watches_SEW_2019_35.jpg 1652w\" sizes=\"(max-width: 1024px) 100vw, 1024px\" \/><\/figure><\/li><\/ul><\/figure>\n","protected":false},"excerpt":{"rendered":"<p>U\u017e na podzim se mohou milovn\u00edci hodin\u00e1\u0159sk\u00e9ho um\u011bn\u00ed t\u011b\u0161it na 7. ro\u010dn\u00edk veletrhu v\u00fdjime\u010dn\u00fdch hodinek Salon Exceptional Watches, kter\u00fd se bude konat ji\u017e podruh\u00e9 v&nbsp;reprezentativn\u00edch prostor\u00e1ch pal\u00e1ce \u017dof\u00edn, a to ve dnech 16. a 17. \u0159\u00edjna. Minul\u00e9ho ro\u010dn\u00edku se z\u00fa\u010dastnilo 44 vystavovatel\u016f a &nbsp;v\u00edce ne\u017e 3&nbsp;000 n\u00e1v\u0161t\u011bvn\u00edk\u016f. Leto\u0161n\u00ed ro\u010dn\u00edk se stejn\u011b jako p\u0159edchoz\u00ed py\u0161n\u00ed sv\u011btozn\u00e1m\u00fdmi [&hellip;]<\/p>\n","protected":false},"author":2,"featured_media":264,"comment_status":"closed","ping_status":"closed","sticky":false,"template":"","format":"standard","meta":{"_mi_skip_tracking":false,"_monsterinsights_sitenote_active":false,"_monsterinsights_sitenote_note":"","_monsterinsights_sitenote_category":0,"footnotes":""},"categories":[11,1,6],"tags":[],"yoast_head":"<!-- This site is optimized with the Yoast SEO plugin v21.5 - https:\/\/yoast.com\/wordpress\/plugins\/seo\/ -->\n<title>Praha bude hostit nejv\u011bt\u0161\u00ed veletrh hodinek ve st\u0159edn\u00ed a v\u00fdchodn\u00ed Evrop\u011b - WatchHouse.cz<\/title>\n<meta name=\"robots\" content=\"index, follow, max-snippet:-1, max-image-preview:large, max-video-preview:-1\" \/>\n<link rel=\"canonical\" href=\"https:\/\/watchhouse.cz\/index.php\/praha-bude-hostit-nejvetsi-veletrh-hodinek-ve-stredni-a-vychodni-evrope\/\" \/>\n<meta property=\"og:locale\" content=\"cs_CZ\" \/>\n<meta property=\"og:type\" content=\"article\" \/>\n<meta property=\"og:title\" content=\"Praha bude hostit nejv\u011bt\u0161\u00ed veletrh hodinek ve st\u0159edn\u00ed a v\u00fdchodn\u00ed Evrop\u011b - WatchHouse.cz\" \/>\n<meta property=\"og:description\" content=\"U\u017e na podzim se mohou milovn\u00edci hodin\u00e1\u0159sk\u00e9ho um\u011bn\u00ed t\u011b\u0161it na 7. ro\u010dn\u00edk veletrhu v\u00fdjime\u010dn\u00fdch hodinek Salon Exceptional Watches, kter\u00fd se bude konat ji\u017e podruh\u00e9 v&nbsp;reprezentativn\u00edch prostor\u00e1ch pal\u00e1ce \u017dof\u00edn, a to ve dnech 16. a 17. \u0159\u00edjna. Minul\u00e9ho ro\u010dn\u00edku se z\u00fa\u010dastnilo 44 vystavovatel\u016f a &nbsp;v\u00edce ne\u017e 3&nbsp;000 n\u00e1v\u0161t\u011bvn\u00edk\u016f. Leto\u0161n\u00ed ro\u010dn\u00edk se stejn\u011b jako p\u0159edchoz\u00ed py\u0161n\u00ed sv\u011btozn\u00e1m\u00fdmi [&hellip;]\" \/>\n<meta property=\"og:url\" content=\"https:\/\/watchhouse.cz\/index.php\/praha-bude-hostit-nejvetsi-veletrh-hodinek-ve-stredni-a-vychodni-evrope\/\" \/>\n<meta property=\"og:site_name\" content=\"WatchHouse.cz\" \/>\n<meta property=\"article:published_time\" content=\"2020-06-23T21:48:51+00:00\" \/>\n<meta property=\"article:modified_time\" content=\"2021-01-15T00:50:46+00:00\" \/>\n<meta property=\"og:image\" content=\"https:\/\/watchhouse.cz\/wp-content\/uploads\/2020\/06\/Salon-Exceptional-Watches_SEW_20195.jpg\" \/>\n\t<meta property=\"og:image:width\" content=\"1649\" \/>\n\t<meta property=\"og:image:height\" content=\"1101\" \/>\n\t<meta property=\"og:image:type\" content=\"image\/jpeg\" \/>\n<meta name=\"author\" content=\"Miroslav Van\u011bk\" \/>\n<meta name=\"twitter:card\" content=\"summary_large_image\" \/>\n<meta name=\"twitter:label1\" content=\"Napsal(a)\" \/>\n\t<meta name=\"twitter:data1\" content=\"Miroslav Van\u011bk\" \/>\n\t<meta name=\"twitter:label2\" content=\"Odhadovan\u00e1 doba \u010dten\u00ed\" \/>\n\t<meta name=\"twitter:data2\" content=\"5 minut\" \/>\n<script type=\"application\/ld+json\" class=\"yoast-schema-graph\">{\"@context\":\"https:\/\/schema.org\",\"@graph\":[{\"@type\":\"Article\",\"@id\":\"https:\/\/watchhouse.cz\/index.php\/praha-bude-hostit-nejvetsi-veletrh-hodinek-ve-stredni-a-vychodni-evrope\/#article\",\"isPartOf\":{\"@id\":\"https:\/\/watchhouse.cz\/index.php\/praha-bude-hostit-nejvetsi-veletrh-hodinek-ve-stredni-a-vychodni-evrope\/\"},\"author\":{\"name\":\"Miroslav Van\u011bk\",\"@id\":\"https:\/\/watchhouse.cz\/#\/schema\/person\/77c762a7c04463ba187194064f6e7ab7\"},\"headline\":\"Praha bude hostit nejv\u011bt\u0161\u00ed veletrh hodinek ve st\u0159edn\u00ed a v\u00fdchodn\u00ed Evrop\u011b\",\"datePublished\":\"2020-06-23T21:48:51+00:00\",\"dateModified\":\"2021-01-15T00:50:46+00:00\",\"mainEntityOfPage\":{\"@id\":\"https:\/\/watchhouse.cz\/index.php\/praha-bude-hostit-nejvetsi-veletrh-hodinek-ve-stredni-a-vychodni-evrope\/\"},\"wordCount\":942,\"publisher\":{\"@id\":\"https:\/\/watchhouse.cz\/#organization\"},\"articleSection\":[\"AKCE\",\"NEWS\",\"TIPY &amp; TRENDY\"],\"inLanguage\":\"cs\"},{\"@type\":\"WebPage\",\"@id\":\"https:\/\/watchhouse.cz\/index.php\/praha-bude-hostit-nejvetsi-veletrh-hodinek-ve-stredni-a-vychodni-evrope\/\",\"url\":\"https:\/\/watchhouse.cz\/index.php\/praha-bude-hostit-nejvetsi-veletrh-hodinek-ve-stredni-a-vychodni-evrope\/\",\"name\":\"Praha bude hostit nejv\u011bt\u0161\u00ed veletrh hodinek ve st\u0159edn\u00ed a v\u00fdchodn\u00ed Evrop\u011b - WatchHouse.cz\",\"isPartOf\":{\"@id\":\"https:\/\/watchhouse.cz\/#website\"},\"datePublished\":\"2020-06-23T21:48:51+00:00\",\"dateModified\":\"2021-01-15T00:50:46+00:00\",\"breadcrumb\":{\"@id\":\"https:\/\/watchhouse.cz\/index.php\/praha-bude-hostit-nejvetsi-veletrh-hodinek-ve-stredni-a-vychodni-evrope\/#breadcrumb\"},\"inLanguage\":\"cs\",\"potentialAction\":[{\"@type\":\"ReadAction\",\"target\":[\"https:\/\/watchhouse.cz\/index.php\/praha-bude-hostit-nejvetsi-veletrh-hodinek-ve-stredni-a-vychodni-evrope\/\"]}]},{\"@type\":\"BreadcrumbList\",\"@id\":\"https:\/\/watchhouse.cz\/index.php\/praha-bude-hostit-nejvetsi-veletrh-hodinek-ve-stredni-a-vychodni-evrope\/#breadcrumb\",\"itemListElement\":[{\"@type\":\"ListItem\",\"position\":1,\"name\":\"Dom\u016f\",\"item\":\"https:\/\/watchhouse.cz\/\"},{\"@type\":\"ListItem\",\"position\":2,\"name\":\"Praha bude hostit nejv\u011bt\u0161\u00ed veletrh hodinek ve st\u0159edn\u00ed a v\u00fdchodn\u00ed Evrop\u011b\"}]},{\"@type\":\"WebSite\",\"@id\":\"https:\/\/watchhouse.cz\/#website\",\"url\":\"https:\/\/watchhouse.cz\/\",\"name\":\"WatchHouse.cz\",\"description\":\" Port\u00e1l o hodink\u00e1ch a dopl\u0148c\u00edch...\",\"publisher\":{\"@id\":\"https:\/\/watchhouse.cz\/#organization\"},\"potentialAction\":[{\"@type\":\"SearchAction\",\"target\":{\"@type\":\"EntryPoint\",\"urlTemplate\":\"https:\/\/watchhouse.cz\/?s={search_term_string}\"},\"query-input\":\"required name=search_term_string\"}],\"inLanguage\":\"cs\"},{\"@type\":\"Organization\",\"@id\":\"https:\/\/watchhouse.cz\/#organization\",\"name\":\"WatchHouse.cz\",\"url\":\"https:\/\/watchhouse.cz\/\",\"logo\":{\"@type\":\"ImageObject\",\"inLanguage\":\"cs\",\"@id\":\"https:\/\/watchhouse.cz\/#\/schema\/logo\/image\/\",\"url\":\"https:\/\/watchhouse.cz\/wp-content\/uploads\/2024\/12\/cropped-Logo_WatchHouse.jpg\",\"contentUrl\":\"https:\/\/watchhouse.cz\/wp-content\/uploads\/2024\/12\/cropped-Logo_WatchHouse.jpg\",\"width\":934,\"height\":508,\"caption\":\"WatchHouse.cz\"},\"image\":{\"@id\":\"https:\/\/watchhouse.cz\/#\/schema\/logo\/image\/\"}},{\"@type\":\"Person\",\"@id\":\"https:\/\/watchhouse.cz\/#\/schema\/person\/77c762a7c04463ba187194064f6e7ab7\",\"name\":\"Miroslav Van\u011bk\",\"sameAs\":[\"http:\/\/WatchHouse.cz\"],\"url\":\"https:\/\/watchhouse.cz\/index.php\/author\/mirvan\/\"}]}<\/script>\n<!-- \/ Yoast SEO plugin. -->","yoast_head_json":{"title":"Praha bude hostit nejv\u011bt\u0161\u00ed veletrh hodinek ve st\u0159edn\u00ed a v\u00fdchodn\u00ed Evrop\u011b - WatchHouse.cz","robots":{"index":"index","follow":"follow","max-snippet":"max-snippet:-1","max-image-preview":"max-image-preview:large","max-video-preview":"max-video-preview:-1"},"canonical":"https:\/\/watchhouse.cz\/index.php\/praha-bude-hostit-nejvetsi-veletrh-hodinek-ve-stredni-a-vychodni-evrope\/","og_locale":"cs_CZ","og_type":"article","og_title":"Praha bude hostit nejv\u011bt\u0161\u00ed veletrh hodinek ve st\u0159edn\u00ed a v\u00fdchodn\u00ed Evrop\u011b - WatchHouse.cz","og_description":"U\u017e na podzim se mohou milovn\u00edci hodin\u00e1\u0159sk\u00e9ho um\u011bn\u00ed t\u011b\u0161it na 7. ro\u010dn\u00edk veletrhu v\u00fdjime\u010dn\u00fdch hodinek Salon Exceptional Watches, kter\u00fd se bude konat ji\u017e podruh\u00e9 v&nbsp;reprezentativn\u00edch prostor\u00e1ch pal\u00e1ce \u017dof\u00edn, a to ve dnech 16. a 17. \u0159\u00edjna. Minul\u00e9ho ro\u010dn\u00edku se z\u00fa\u010dastnilo 44 vystavovatel\u016f a &nbsp;v\u00edce ne\u017e 3&nbsp;000 n\u00e1v\u0161t\u011bvn\u00edk\u016f. Leto\u0161n\u00ed ro\u010dn\u00edk se stejn\u011b jako p\u0159edchoz\u00ed py\u0161n\u00ed sv\u011btozn\u00e1m\u00fdmi [&hellip;]","og_url":"https:\/\/watchhouse.cz\/index.php\/praha-bude-hostit-nejvetsi-veletrh-hodinek-ve-stredni-a-vychodni-evrope\/","og_site_name":"WatchHouse.cz","article_published_time":"2020-06-23T21:48:51+00:00","article_modified_time":"2021-01-15T00:50:46+00:00","og_image":[{"width":1649,"height":1101,"url":"https:\/\/watchhouse.cz\/wp-content\/uploads\/2020\/06\/Salon-Exceptional-Watches_SEW_20195.jpg","type":"image\/jpeg"}],"author":"Miroslav Van\u011bk","twitter_card":"summary_large_image","twitter_misc":{"Napsal(a)":"Miroslav Van\u011bk","Odhadovan\u00e1 doba \u010dten\u00ed":"5 minut"},"schema":{"@context":"https:\/\/schema.org","@graph":[{"@type":"Article","@id":"https:\/\/watchhouse.cz\/index.php\/praha-bude-hostit-nejvetsi-veletrh-hodinek-ve-stredni-a-vychodni-evrope\/#article","isPartOf":{"@id":"https:\/\/watchhouse.cz\/index.php\/praha-bude-hostit-nejvetsi-veletrh-hodinek-ve-stredni-a-vychodni-evrope\/"},"author":{"name":"Miroslav Van\u011bk","@id":"https:\/\/watchhouse.cz\/#\/schema\/person\/77c762a7c04463ba187194064f6e7ab7"},"headline":"Praha bude hostit nejv\u011bt\u0161\u00ed veletrh hodinek ve st\u0159edn\u00ed a v\u00fdchodn\u00ed Evrop\u011b","datePublished":"2020-06-23T21:48:51+00:00","dateModified":"2021-01-15T00:50:46+00:00","mainEntityOfPage":{"@id":"https:\/\/watchhouse.cz\/index.php\/praha-bude-hostit-nejvetsi-veletrh-hodinek-ve-stredni-a-vychodni-evrope\/"},"wordCount":942,"publisher":{"@id":"https:\/\/watchhouse.cz\/#organization"},"articleSection":["AKCE","NEWS","TIPY &amp; TRENDY"],"inLanguage":"cs"},{"@type":"WebPage","@id":"https:\/\/watchhouse.cz\/index.php\/praha-bude-hostit-nejvetsi-veletrh-hodinek-ve-stredni-a-vychodni-evrope\/","url":"https:\/\/watchhouse.cz\/index.php\/praha-bude-hostit-nejvetsi-veletrh-hodinek-ve-stredni-a-vychodni-evrope\/","name":"Praha bude hostit nejv\u011bt\u0161\u00ed veletrh hodinek ve st\u0159edn\u00ed a v\u00fdchodn\u00ed Evrop\u011b - WatchHouse.cz","isPartOf":{"@id":"https:\/\/watchhouse.cz\/#website"},"datePublished":"2020-06-23T21:48:51+00:00","dateModified":"2021-01-15T00:50:46+00:00","breadcrumb":{"@id":"https:\/\/watchhouse.cz\/index.php\/praha-bude-hostit-nejvetsi-veletrh-hodinek-ve-stredni-a-vychodni-evrope\/#breadcrumb"},"inLanguage":"cs","potentialAction":[{"@type":"ReadAction","target":["https:\/\/watchhouse.cz\/index.php\/praha-bude-hostit-nejvetsi-veletrh-hodinek-ve-stredni-a-vychodni-evrope\/"]}]},{"@type":"BreadcrumbList","@id":"https:\/\/watchhouse.cz\/index.php\/praha-bude-hostit-nejvetsi-veletrh-hodinek-ve-stredni-a-vychodni-evrope\/#breadcrumb","itemListElement":[{"@type":"ListItem","position":1,"name":"Dom\u016f","item":"https:\/\/watchhouse.cz\/"},{"@type":"ListItem","position":2,"name":"Praha bude hostit nejv\u011bt\u0161\u00ed veletrh hodinek ve st\u0159edn\u00ed a v\u00fdchodn\u00ed Evrop\u011b"}]},{"@type":"WebSite","@id":"https:\/\/watchhouse.cz\/#website","url":"https:\/\/watchhouse.cz\/","name":"WatchHouse.cz","description":" Port\u00e1l o hodink\u00e1ch a dopl\u0148c\u00edch...","publisher":{"@id":"https:\/\/watchhouse.cz\/#organization"},"potentialAction":[{"@type":"SearchAction","target":{"@type":"EntryPoint","urlTemplate":"https:\/\/watchhouse.cz\/?s={search_term_string}"},"query-input":"required name=search_term_string"}],"inLanguage":"cs"},{"@type":"Organization","@id":"https:\/\/watchhouse.cz\/#organization","name":"WatchHouse.cz","url":"https:\/\/watchhouse.cz\/","logo":{"@type":"ImageObject","inLanguage":"cs","@id":"https:\/\/watchhouse.cz\/#\/schema\/logo\/image\/","url":"https:\/\/watchhouse.cz\/wp-content\/uploads\/2024\/12\/cropped-Logo_WatchHouse.jpg","contentUrl":"https:\/\/watchhouse.cz\/wp-content\/uploads\/2024\/12\/cropped-Logo_WatchHouse.jpg","width":934,"height":508,"caption":"WatchHouse.cz"},"image":{"@id":"https:\/\/watchhouse.cz\/#\/schema\/logo\/image\/"}},{"@type":"Person","@id":"https:\/\/watchhouse.cz\/#\/schema\/person\/77c762a7c04463ba187194064f6e7ab7","name":"Miroslav Van\u011bk","sameAs":["http:\/\/WatchHouse.cz"],"url":"https:\/\/watchhouse.cz\/index.php\/author\/mirvan\/"}]}},"_links":{"self":[{"href":"https:\/\/watchhouse.cz\/index.php\/wp-json\/wp\/v2\/posts\/263"}],"collection":[{"href":"https:\/\/watchhouse.cz\/index.php\/wp-json\/wp\/v2\/posts"}],"about":[{"href":"https:\/\/watchhouse.cz\/index.php\/wp-json\/wp\/v2\/types\/post"}],"author":[{"embeddable":true,"href":"https:\/\/watchhouse.cz\/index.php\/wp-json\/wp\/v2\/users\/2"}],"replies":[{"embeddable":true,"href":"https:\/\/watchhouse.cz\/index.php\/wp-json\/wp\/v2\/comments?post=263"}],"version-history":[{"count":-3,"href":"https:\/\/watchhouse.cz\/index.php\/wp-json\/wp\/v2\/posts\/263\/revisions"}],"wp:featuredmedia":[{"embeddable":true,"href":"https:\/\/watchhouse.cz\/index.php\/wp-json\/wp\/v2\/media\/264"}],"wp:attachment":[{"href":"https:\/\/watchhouse.cz\/index.php\/wp-json\/wp\/v2\/media?parent=263"}],"wp:term":[{"taxonomy":"category","embeddable":true,"href":"https:\/\/watchhouse.cz\/index.php\/wp-json\/wp\/v2\/categories?post=263"},{"taxonomy":"post_tag","embeddable":true,"href":"https:\/\/watchhouse.cz\/index.php\/wp-json\/wp\/v2\/tags?post=263"}],"curies":[{"name":"wp","href":"https:\/\/api.w.org\/{rel}","templated":true}]}}