{"id":997,"date":"2023-03-03T22:00:00","date_gmt":"2023-03-03T21:00:00","guid":{"rendered":"https:\/\/watchhouse.cz\/?p=997"},"modified":"2023-07-26T00:38:57","modified_gmt":"2023-07-25T22:38:57","slug":"goodram-industrial-se-zucastni-veletrhu-embedded-world-2023","status":"publish","type":"post","link":"https:\/\/watchhouse.cz\/index.php\/goodram-industrial-se-zucastni-veletrhu-embedded-world-2023\/","title":{"rendered":"Goodram Industrial se z\u00fa\u010dastn\u00ed veletrhu Embedded World 2023"},"content":{"rendered":"\n<div style=\"height:38px\" aria-hidden=\"true\" class=\"wp-block-spacer\"><\/div>\n\n\n\n<p><strong>Embedded World, na kter\u00fd se sj\u00ed\u017ed\u011bj\u00ed vystavovatel\u00e9 z cel\u00e9ho sv\u011bta, je jednou z nejd\u016fle\u017eit\u011bj\u0161\u00edch ud\u00e1lost\u00ed v kalend\u00e1\u0159i pr\u016fmyslov\u00fdch veletrh\u016f; Goodram Industrial ozn\u00e1m\u00ed roz\u0161\u00ed\u0159en\u00ed sv\u00fdch slu\u017eeb s\u00a0p\u0159idanou hodnotou o konformn\u00ed povlakov\u00e1n\u00ed pr\u016fmyslov\u00fdch modul\u016f DRAM<\/strong>.<\/p>\n\n\n\n<div style=\"height:25px\" aria-hidden=\"true\" class=\"wp-block-spacer\"><\/div>\n\n\n\n<figure class=\"wp-block-image size-large\"><img decoding=\"async\" loading=\"lazy\" width=\"1024\" height=\"512\" src=\"https:\/\/watchhouse.cz\/wp-content\/uploads\/2023\/03\/Booth_Goodram-1024x512.jpg\" alt=\"\" class=\"wp-image-998\" srcset=\"https:\/\/watchhouse.cz\/wp-content\/uploads\/2023\/03\/Booth_Goodram-1024x512.jpg 1024w, https:\/\/watchhouse.cz\/wp-content\/uploads\/2023\/03\/Booth_Goodram-300x150.jpg 300w, https:\/\/watchhouse.cz\/wp-content\/uploads\/2023\/03\/Booth_Goodram-768x384.jpg 768w, https:\/\/watchhouse.cz\/wp-content\/uploads\/2023\/03\/Booth_Goodram-1536x768.jpg 1536w, https:\/\/watchhouse.cz\/wp-content\/uploads\/2023\/03\/Booth_Goodram-2048x1025.jpg 2048w\" sizes=\"(max-width: 1024px) 100vw, 1024px\" \/><\/figure>\n\n\n\n<div style=\"height:28px\" aria-hidden=\"true\" class=\"wp-block-spacer\"><\/div>\n\n\n\n<p><strong>Goodram Industrial, polsk\u00e1 zna\u010dka pr\u016fmyslov\u00fdch pam\u011bt\u00ed, op\u011bt p\u0159edstav\u00ed svou nab\u00eddku na veletrhu Embedded World v Norimberku. Tato nejv\u011bt\u0161\u00ed pr\u016fmyslov\u00e1 akce v Evrop\u011b se bude konat 14. \u2013 16. b\u0159ezna 2023. Na veletrhu Embedded World 2023 bude Goodram Industrial k&nbsp;dispozici na st\u00e1nku 1-542 v hale 1.<\/strong><\/p>\n\n\n\n<p>Embedded World, na kter\u00fd se sj\u00ed\u017ed\u011bj\u00ed vystavovatel\u00e9 z cel\u00e9ho sv\u011bta, je jednou z nejd\u016fle\u017eit\u011bj\u0161\u00edch ud\u00e1lost\u00ed v kalend\u00e1\u0159i pr\u016fmyslov\u00fdch veletrh\u016f. Je tak\u00e9 mimo\u0159\u00e1dn\u011b d\u016fle\u017eitou ud\u00e1lost\u00ed pro komunitu v\u00fdrobc\u016f vestavn\u00fdch syst\u00e9m\u016f od komponent a\u017e po hotov\u00e9 elektronick\u00e9 syst\u00e9my a software. Po pauze zp\u016fsoben\u00e9 pandemi\u00ed se tato akce \u00fasp\u011b\u0161n\u011b vr\u00e1tila do kalend\u00e1\u0159e nejv\u00fdznamn\u011bj\u0161\u00edho pr\u016fmyslov\u00e9ho veletrhu na sv\u011bt\u011b a samotn\u00fd rozsah veletrhu Embedded World hovo\u0159\u00ed za v\u0161e: v roce 2022 se na n\u011bm se\u0161lo v\u00edce ne\u017e <strong>720<\/strong> mezin\u00e1rodn\u00edch vystavovatel\u016f a v\u00edce ne\u017e <strong>18 000<\/strong> n\u00e1v\u0161t\u011bvn\u00edk\u016f z cel\u00e9ho sv\u011bta. Podle uji\u0161t\u011bn\u00ed po\u0159adatele se o\u010dek\u00e1v\u00e1, \u017ee leto\u0161n\u00ed ro\u010dn\u00edk bude stejn\u011b velkolep\u00fd, ne-li v\u011bt\u0161\u00ed.<\/p>\n\n\n\n<p><strong>Goodram Industrial<\/strong> je zna\u010dka pr\u016fmyslov\u00fdch pam\u011bt\u00ed, kterou vlastn\u00ed spole\u010dnost Wilk Elektronik SA, jedin\u00fd v\u00fdrobce po\u010d\u00edta\u010dov\u00fdch pam\u011bt\u00ed ve st\u0159edn\u00ed a v\u00fdchodn\u00ed Evrop\u011b. Polsk\u00e1 spole\u010dnost p\u0159edstav\u00ed \u0159e\u0161en\u00ed a pam\u011bti ur\u010den\u00e9 pro pr\u016fmyslov\u00fd sektor \u2013 pam\u011bti DRAM, SSD a Flash pro pou\u017eit\u00ed v intern\u00edch i extern\u00edch pr\u016fmyslov\u00fdch aplikac\u00edch. Stejn\u011b jako v p\u0159edchoz\u00edch letech nebudou ani letos na st\u00e1nku zna\u010dky chyb\u011bt novinky, v\u010detn\u011b pr\u016fmyslov\u00fdch pam\u011b\u0165ov\u00fdch modul\u016f DDR5 DIMM a SODIMM. Ty jsou stejn\u011b jako p\u0159edchoz\u00ed generace v nab\u00eddce v\u00fdrobce vyr\u00e1b\u011bny z pe\u010dliv\u011b vybran\u00fdch pr\u016fmyslov\u00fdch pam\u011b\u0165ov\u00fdch \u010dip\u016f dod\u00e1van\u00fdch sv\u011btov\u00fdmi v\u00fdrobci \u010dip\u016f, tj. zna\u010dkami Hynix a Samsung.<\/p>\n\n\n\n<div style=\"height:20px\" aria-hidden=\"true\" class=\"wp-block-spacer\"><\/div>\n\n\n\n<div class=\"wp-block-image\"><figure class=\"aligncenter size-large is-resized\"><img decoding=\"async\" loading=\"lazy\" src=\"https:\/\/watchhouse.cz\/wp-content\/uploads\/2023\/03\/CFexpress_Goodram_indutrial-786x1024.jpg\" alt=\"\" class=\"wp-image-999\" width=\"609\" height=\"794\" srcset=\"https:\/\/watchhouse.cz\/wp-content\/uploads\/2023\/03\/CFexpress_Goodram_indutrial-786x1024.jpg 786w, https:\/\/watchhouse.cz\/wp-content\/uploads\/2023\/03\/CFexpress_Goodram_indutrial-230x300.jpg 230w, https:\/\/watchhouse.cz\/wp-content\/uploads\/2023\/03\/CFexpress_Goodram_indutrial-768x1001.jpg 768w, https:\/\/watchhouse.cz\/wp-content\/uploads\/2023\/03\/CFexpress_Goodram_indutrial.jpg 1126w\" sizes=\"(max-width: 609px) 100vw, 609px\" \/><\/figure><\/div>\n\n\n\n<div style=\"height:22px\" aria-hidden=\"true\" class=\"wp-block-spacer\"><\/div>\n\n\n\n<p><em>&#8222;Pokud jde o pr\u016fmyslov\u00e1 \u0159e\u0161en\u00ed, neexistuj\u00ed \u017e\u00e1dn\u00e9 kompromisy. Specializovan\u00e9 pr\u016fmyslov\u00e9 pam\u011bti Goodram jsou \u0161pi\u010dkov\u00fdmi produkty jak z hlediska komponent, tak i z hlediska testovac\u00edch a kontroln\u00edch postup\u016f zaveden\u00fdch ve v\u00fdrobn\u00edm procesu a ve fin\u00e1ln\u00edm produktu,&#8220; <\/em>\u0159\u00edk\u00e1 Wies\u0142aw Wilk, prezident spole\u010dnosti Wilk Elektronik SA.<\/p>\n\n\n\n<h4 class=\"wp-block-heading\"><strong>Goodram Industrial p\u0159edstav\u00ed novinku \u2013 pr\u016fmyslov\u00e9 pam\u011b\u0165ov\u00e9 karty CFexpress<\/strong><\/h4>\n\n\n\n<p>Krom\u011b pam\u011b\u0165ov\u00fdch modul\u016f uv\u00e1d\u00ed Goodram Industrial na trh novinku v sortimentu pam\u011bt\u00ed Flash \u2013 pr\u016fmyslov\u00e9 pam\u011b\u0165ov\u00e9 karty CFexpress. Ty jsou d\u00edky sv\u00e9mu vysok\u00e9mu v\u00fdkonu \u2013 z\u00e1pis a\u017e 1700 MB\/s, \u010dten\u00ed a\u017e 1600 MB\/s a zv\u00fd\u0161en\u00e9 odolnosti v\u016f\u010di nep\u0159\u00edzniv\u00fdm okoln\u00edm podm\u00ednk\u00e1m ji\u017e alternativou k&nbsp;disk\u016fm M.2 PCIe v aplikac\u00edch vy\u017eaduj\u00edc\u00edch rychl\u00fd p\u0159\u00edstup k pam\u011bti. Ob\u011b v\u00fd\u0161e uveden\u00e1 \u0159e\u0161en\u00ed jsou zalo\u017eena na vysokorychlostn\u00ed sb\u011brnici PCIe, kter\u00e1 poskytuje vysok\u00e9 p\u0159enosov\u00e9 rychlosti, zat\u00edmco d\u016fle\u017eit\u00fdm rozli\u0161ovac\u00edm znakem karty CFexpress je jej\u00ed dobr\u00e1 u\u017eivatelsk\u00e1 dostupnost \u2013 rozum\u00ed se snadn\u00e1 instalace a v\u00fdm\u011bna v pr\u016fmyslov\u00fdch za\u0159\u00edzen\u00edch.<\/p>\n\n\n\n<p>Krom\u011b nov\u00fdch p\u0159\u00edr\u016fstk\u016f do sv\u00e9ho produktov\u00e9ho portfolia spole\u010dnost Goodram Industrial oznamuje roz\u0161\u00ed\u0159en\u00ed sv\u00fdch slu\u017eeb s p\u0159idanou hodnotou o konformn\u00ed povlakov\u00e1n\u00ed pr\u016fmyslov\u00fdch modul\u016f DRAM. Konformn\u00ed povlak ut\u011bs\u0148uje a chr\u00e1n\u00ed desku plo\u0161n\u00fdch spoj\u016f a cel\u00fd elektronick\u00fd obvod p\u0159ed nep\u0159\u00edzniv\u00fdmi podm\u00ednkami prost\u0159ed\u00ed, tak\u017ee je toto \u0159e\u0161en\u00ed vhodn\u00e9 zejm\u00e9na pro aplikace vystaven\u00e9 vlhkosti, prachu, chemik\u00e1li\u00edm nebo extr\u00e9mn\u00edm teplot\u00e1m.<\/p>\n\n\n\n<p><em>&#8222;\u0158e\u0161en\u00ed spole\u010dnosti Goodram Industrial jsou p\u0159izp\u016fsobena pot\u0159eb\u00e1m z\u00e1kazn\u00edka. Aby byla zaji\u0161t\u011bna jejich kompatibilita a spolehliv\u00fd v\u00fdkon, proch\u00e1zej\u00ed rozs\u00e1hl\u00fdm procesem validace a testov\u00e1n\u00ed v na\u0161\u00ed laborato\u0159i. To v\u0161e proto, aby byla zaji\u0161t\u011bna jejich dlouhodob\u00e1 a spolehliv\u00e1 funk\u010dnost i ve velmi n\u00e1ro\u010dn\u00fdch podm\u00ednk\u00e1ch prost\u0159ed\u00ed. Ve spole\u010dnosti Wilk Elektronik jsme si v\u011bdomi specifick\u00fdch po\u017eadavk\u016f a podm\u00ednek pr\u016fmyslov\u00fdch aplikac\u00ed a z\u00edskan\u00e9 zku\u0161enosti n\u00e1m umo\u017e\u0148uj\u00ed vyr\u00e1b\u011bt a dod\u00e1vat v\u00fdrobky podle o\u010dek\u00e1v\u00e1n\u00ed z\u00e1kazn\u00edk\u016f,&#8220; <\/em>\u0159\u00edk\u00e1 Wieslaw Wilk.<\/p>\n\n\n\n<p>Wilk Elektronik, evropsk\u00fd v\u00fdrobce spot\u0159ebn\u00edch, serverov\u00fdch a pr\u016fmyslov\u00fdch pam\u011b\u0165ov\u00fdch produkt\u016f zna\u010dky Goodram, zakl\u00e1d\u00e1 svou konkuren\u010dn\u00ed v\u00fdhodu na lok\u00e1ln\u00edm charakteru a mo\u017enosti spolupr\u00e1ce se z\u00e1kazn\u00edky, pro kter\u00e9 jsou zak\u00e1zky od technologick\u00fdch gigant\u016f nedosa\u017eiteln\u00e9 kv\u016fli velikosti zak\u00e1zky nebo jej\u00edmu individu\u00e1ln\u00edmu charakteru. Pr\u00e1v\u011b tyto vlastnosti jsou kl\u00ed\u010dov\u00e9 pro budov\u00e1n\u00ed pozice polsk\u00e9 spole\u010dnosti na trhu &#8211; \u0159e\u0161en\u00ed Goodram Industrial jsou ji\u017e dostupn\u00e1 ve v\u00edce ne\u017e 25 zem\u00edch sv\u011bta.<\/p>\n\n\n\n<div style=\"height:40px\" aria-hidden=\"true\" class=\"wp-block-spacer\"><\/div>\n\n\n\n<figure class=\"wp-block-embed is-type-video is-provider-youtube wp-block-embed-youtube wp-embed-aspect-16-9 wp-has-aspect-ratio\"><div class=\"wp-block-embed__wrapper\">\n<iframe loading=\"lazy\" title=\"Jak prob\u00edh\u00e1 v\u00fdroba a kontrola kvality pam\u011b\u0165ov\u00fdch modul\u016f v tov\u00e1rn\u011b Wilk Elektronik? (2018) | #GoodRam\" width=\"640\" height=\"360\" src=\"https:\/\/www.youtube.com\/embed\/SFxQNCIov1k?feature=oembed\" frameborder=\"0\" allow=\"accelerometer; autoplay; clipboard-write; encrypted-media; gyroscope; picture-in-picture; web-share\" allowfullscreen><\/iframe>\n<\/div><\/figure>\n\n\n\n<p><strong>Zdroj foto a video:<\/strong> Goodram<\/p>\n\n\n\n<div style=\"height:100px\" aria-hidden=\"true\" class=\"wp-block-spacer\"><\/div>\n","protected":false},"excerpt":{"rendered":"<p>Embedded World, na kter\u00fd se sj\u00ed\u017ed\u011bj\u00ed vystavovatel\u00e9 z cel\u00e9ho sv\u011bta, je jednou z nejd\u016fle\u017eit\u011bj\u0161\u00edch ud\u00e1lost\u00ed v kalend\u00e1\u0159i pr\u016fmyslov\u00fdch veletrh\u016f; Goodram Industrial ozn\u00e1m\u00ed roz\u0161\u00ed\u0159en\u00ed sv\u00fdch slu\u017eeb s\u00a0p\u0159idanou hodnotou o konformn\u00ed povlakov\u00e1n\u00ed pr\u016fmyslov\u00fdch modul\u016f DRAM. Goodram Industrial, polsk\u00e1 zna\u010dka pr\u016fmyslov\u00fdch pam\u011bt\u00ed, op\u011bt p\u0159edstav\u00ed svou nab\u00eddku na veletrhu Embedded World v Norimberku. Tato nejv\u011bt\u0161\u00ed pr\u016fmyslov\u00e1 akce v Evrop\u011b [&hellip;]<\/p>\n","protected":false},"author":2,"featured_media":998,"comment_status":"closed","ping_status":"closed","sticky":false,"template":"","format":"standard","meta":{"_mi_skip_tracking":false,"_monsterinsights_sitenote_active":false,"_monsterinsights_sitenote_note":"","_monsterinsights_sitenote_category":0,"footnotes":""},"categories":[11,1,18,6],"tags":[],"yoast_head":"<!-- This site is optimized with the Yoast SEO plugin v21.5 - https:\/\/yoast.com\/wordpress\/plugins\/seo\/ -->\n<title>Goodram Industrial se z\u00fa\u010dastn\u00ed veletrhu Embedded World 2023 - WatchHouse.cz<\/title>\n<meta name=\"robots\" content=\"index, follow, max-snippet:-1, max-image-preview:large, max-video-preview:-1\" \/>\n<link rel=\"canonical\" href=\"https:\/\/watchhouse.cz\/index.php\/goodram-industrial-se-zucastni-veletrhu-embedded-world-2023\/\" \/>\n<meta property=\"og:locale\" content=\"cs_CZ\" \/>\n<meta property=\"og:type\" content=\"article\" \/>\n<meta property=\"og:title\" content=\"Goodram Industrial se z\u00fa\u010dastn\u00ed veletrhu Embedded World 2023 - WatchHouse.cz\" \/>\n<meta property=\"og:description\" content=\"Embedded World, na kter\u00fd se sj\u00ed\u017ed\u011bj\u00ed vystavovatel\u00e9 z cel\u00e9ho sv\u011bta, je jednou z nejd\u016fle\u017eit\u011bj\u0161\u00edch ud\u00e1lost\u00ed v kalend\u00e1\u0159i pr\u016fmyslov\u00fdch veletrh\u016f; Goodram Industrial ozn\u00e1m\u00ed roz\u0161\u00ed\u0159en\u00ed sv\u00fdch slu\u017eeb s\u00a0p\u0159idanou hodnotou o konformn\u00ed povlakov\u00e1n\u00ed pr\u016fmyslov\u00fdch modul\u016f DRAM. Goodram Industrial, polsk\u00e1 zna\u010dka pr\u016fmyslov\u00fdch pam\u011bt\u00ed, op\u011bt p\u0159edstav\u00ed svou nab\u00eddku na veletrhu Embedded World v Norimberku. Tato nejv\u011bt\u0161\u00ed pr\u016fmyslov\u00e1 akce v Evrop\u011b [&hellip;]\" \/>\n<meta property=\"og:url\" content=\"https:\/\/watchhouse.cz\/index.php\/goodram-industrial-se-zucastni-veletrhu-embedded-world-2023\/\" \/>\n<meta property=\"og:site_name\" content=\"WatchHouse.cz\" \/>\n<meta property=\"article:published_time\" content=\"2023-03-03T21:00:00+00:00\" \/>\n<meta property=\"article:modified_time\" content=\"2023-07-25T22:38:57+00:00\" \/>\n<meta property=\"og:image\" content=\"https:\/\/watchhouse.cz\/wp-content\/uploads\/2023\/03\/Booth_Goodram-scaled.jpg\" \/>\n\t<meta property=\"og:image:width\" content=\"2560\" \/>\n\t<meta property=\"og:image:height\" content=\"1281\" \/>\n\t<meta property=\"og:image:type\" content=\"image\/jpeg\" \/>\n<meta name=\"author\" content=\"Miroslav Van\u011bk\" \/>\n<meta name=\"twitter:card\" content=\"summary_large_image\" \/>\n<meta name=\"twitter:label1\" content=\"Napsal(a)\" \/>\n\t<meta name=\"twitter:data1\" content=\"Miroslav Van\u011bk\" \/>\n\t<meta name=\"twitter:label2\" content=\"Odhadovan\u00e1 doba \u010dten\u00ed\" \/>\n\t<meta name=\"twitter:data2\" content=\"5 minut\" \/>\n<script type=\"application\/ld+json\" class=\"yoast-schema-graph\">{\"@context\":\"https:\/\/schema.org\",\"@graph\":[{\"@type\":\"Article\",\"@id\":\"https:\/\/watchhouse.cz\/index.php\/goodram-industrial-se-zucastni-veletrhu-embedded-world-2023\/#article\",\"isPartOf\":{\"@id\":\"https:\/\/watchhouse.cz\/index.php\/goodram-industrial-se-zucastni-veletrhu-embedded-world-2023\/\"},\"author\":{\"name\":\"Miroslav Van\u011bk\",\"@id\":\"https:\/\/watchhouse.cz\/#\/schema\/person\/77c762a7c04463ba187194064f6e7ab7\"},\"headline\":\"Goodram Industrial se z\u00fa\u010dastn\u00ed veletrhu Embedded World 2023\",\"datePublished\":\"2023-03-03T21:00:00+00:00\",\"dateModified\":\"2023-07-25T22:38:57+00:00\",\"mainEntityOfPage\":{\"@id\":\"https:\/\/watchhouse.cz\/index.php\/goodram-industrial-se-zucastni-veletrhu-embedded-world-2023\/\"},\"wordCount\":908,\"publisher\":{\"@id\":\"https:\/\/watchhouse.cz\/#organization\"},\"articleSection\":[\"AKCE\",\"NEWS\",\"OSTATN\u00cd TECHNIKA\",\"TIPY &amp; TRENDY\"],\"inLanguage\":\"cs\"},{\"@type\":\"WebPage\",\"@id\":\"https:\/\/watchhouse.cz\/index.php\/goodram-industrial-se-zucastni-veletrhu-embedded-world-2023\/\",\"url\":\"https:\/\/watchhouse.cz\/index.php\/goodram-industrial-se-zucastni-veletrhu-embedded-world-2023\/\",\"name\":\"Goodram Industrial se z\u00fa\u010dastn\u00ed veletrhu Embedded World 2023 - WatchHouse.cz\",\"isPartOf\":{\"@id\":\"https:\/\/watchhouse.cz\/#website\"},\"datePublished\":\"2023-03-03T21:00:00+00:00\",\"dateModified\":\"2023-07-25T22:38:57+00:00\",\"breadcrumb\":{\"@id\":\"https:\/\/watchhouse.cz\/index.php\/goodram-industrial-se-zucastni-veletrhu-embedded-world-2023\/#breadcrumb\"},\"inLanguage\":\"cs\",\"potentialAction\":[{\"@type\":\"ReadAction\",\"target\":[\"https:\/\/watchhouse.cz\/index.php\/goodram-industrial-se-zucastni-veletrhu-embedded-world-2023\/\"]}]},{\"@type\":\"BreadcrumbList\",\"@id\":\"https:\/\/watchhouse.cz\/index.php\/goodram-industrial-se-zucastni-veletrhu-embedded-world-2023\/#breadcrumb\",\"itemListElement\":[{\"@type\":\"ListItem\",\"position\":1,\"name\":\"Dom\u016f\",\"item\":\"https:\/\/watchhouse.cz\/\"},{\"@type\":\"ListItem\",\"position\":2,\"name\":\"Goodram Industrial se z\u00fa\u010dastn\u00ed veletrhu Embedded World 2023\"}]},{\"@type\":\"WebSite\",\"@id\":\"https:\/\/watchhouse.cz\/#website\",\"url\":\"https:\/\/watchhouse.cz\/\",\"name\":\"WatchHouse.cz\",\"description\":\" Port\u00e1l o hodink\u00e1ch a dopl\u0148c\u00edch...\",\"publisher\":{\"@id\":\"https:\/\/watchhouse.cz\/#organization\"},\"potentialAction\":[{\"@type\":\"SearchAction\",\"target\":{\"@type\":\"EntryPoint\",\"urlTemplate\":\"https:\/\/watchhouse.cz\/?s={search_term_string}\"},\"query-input\":\"required name=search_term_string\"}],\"inLanguage\":\"cs\"},{\"@type\":\"Organization\",\"@id\":\"https:\/\/watchhouse.cz\/#organization\",\"name\":\"WatchHouse.cz\",\"url\":\"https:\/\/watchhouse.cz\/\",\"logo\":{\"@type\":\"ImageObject\",\"inLanguage\":\"cs\",\"@id\":\"https:\/\/watchhouse.cz\/#\/schema\/logo\/image\/\",\"url\":\"https:\/\/watchhouse.cz\/wp-content\/uploads\/2024\/12\/cropped-Logo_WatchHouse.jpg\",\"contentUrl\":\"https:\/\/watchhouse.cz\/wp-content\/uploads\/2024\/12\/cropped-Logo_WatchHouse.jpg\",\"width\":934,\"height\":508,\"caption\":\"WatchHouse.cz\"},\"image\":{\"@id\":\"https:\/\/watchhouse.cz\/#\/schema\/logo\/image\/\"}},{\"@type\":\"Person\",\"@id\":\"https:\/\/watchhouse.cz\/#\/schema\/person\/77c762a7c04463ba187194064f6e7ab7\",\"name\":\"Miroslav Van\u011bk\",\"sameAs\":[\"http:\/\/WatchHouse.cz\"],\"url\":\"https:\/\/watchhouse.cz\/index.php\/author\/mirvan\/\"}]}<\/script>\n<!-- \/ Yoast SEO plugin. -->","yoast_head_json":{"title":"Goodram Industrial se z\u00fa\u010dastn\u00ed veletrhu Embedded World 2023 - WatchHouse.cz","robots":{"index":"index","follow":"follow","max-snippet":"max-snippet:-1","max-image-preview":"max-image-preview:large","max-video-preview":"max-video-preview:-1"},"canonical":"https:\/\/watchhouse.cz\/index.php\/goodram-industrial-se-zucastni-veletrhu-embedded-world-2023\/","og_locale":"cs_CZ","og_type":"article","og_title":"Goodram Industrial se z\u00fa\u010dastn\u00ed veletrhu Embedded World 2023 - WatchHouse.cz","og_description":"Embedded World, na kter\u00fd se sj\u00ed\u017ed\u011bj\u00ed vystavovatel\u00e9 z cel\u00e9ho sv\u011bta, je jednou z nejd\u016fle\u017eit\u011bj\u0161\u00edch ud\u00e1lost\u00ed v kalend\u00e1\u0159i pr\u016fmyslov\u00fdch veletrh\u016f; Goodram Industrial ozn\u00e1m\u00ed roz\u0161\u00ed\u0159en\u00ed sv\u00fdch slu\u017eeb s\u00a0p\u0159idanou hodnotou o konformn\u00ed povlakov\u00e1n\u00ed pr\u016fmyslov\u00fdch modul\u016f DRAM. Goodram Industrial, polsk\u00e1 zna\u010dka pr\u016fmyslov\u00fdch pam\u011bt\u00ed, op\u011bt p\u0159edstav\u00ed svou nab\u00eddku na veletrhu Embedded World v Norimberku. Tato nejv\u011bt\u0161\u00ed pr\u016fmyslov\u00e1 akce v Evrop\u011b [&hellip;]","og_url":"https:\/\/watchhouse.cz\/index.php\/goodram-industrial-se-zucastni-veletrhu-embedded-world-2023\/","og_site_name":"WatchHouse.cz","article_published_time":"2023-03-03T21:00:00+00:00","article_modified_time":"2023-07-25T22:38:57+00:00","og_image":[{"width":2560,"height":1281,"url":"https:\/\/watchhouse.cz\/wp-content\/uploads\/2023\/03\/Booth_Goodram-scaled.jpg","type":"image\/jpeg"}],"author":"Miroslav Van\u011bk","twitter_card":"summary_large_image","twitter_misc":{"Napsal(a)":"Miroslav Van\u011bk","Odhadovan\u00e1 doba \u010dten\u00ed":"5 minut"},"schema":{"@context":"https:\/\/schema.org","@graph":[{"@type":"Article","@id":"https:\/\/watchhouse.cz\/index.php\/goodram-industrial-se-zucastni-veletrhu-embedded-world-2023\/#article","isPartOf":{"@id":"https:\/\/watchhouse.cz\/index.php\/goodram-industrial-se-zucastni-veletrhu-embedded-world-2023\/"},"author":{"name":"Miroslav Van\u011bk","@id":"https:\/\/watchhouse.cz\/#\/schema\/person\/77c762a7c04463ba187194064f6e7ab7"},"headline":"Goodram Industrial se z\u00fa\u010dastn\u00ed veletrhu Embedded World 2023","datePublished":"2023-03-03T21:00:00+00:00","dateModified":"2023-07-25T22:38:57+00:00","mainEntityOfPage":{"@id":"https:\/\/watchhouse.cz\/index.php\/goodram-industrial-se-zucastni-veletrhu-embedded-world-2023\/"},"wordCount":908,"publisher":{"@id":"https:\/\/watchhouse.cz\/#organization"},"articleSection":["AKCE","NEWS","OSTATN\u00cd TECHNIKA","TIPY &amp; TRENDY"],"inLanguage":"cs"},{"@type":"WebPage","@id":"https:\/\/watchhouse.cz\/index.php\/goodram-industrial-se-zucastni-veletrhu-embedded-world-2023\/","url":"https:\/\/watchhouse.cz\/index.php\/goodram-industrial-se-zucastni-veletrhu-embedded-world-2023\/","name":"Goodram Industrial se z\u00fa\u010dastn\u00ed veletrhu Embedded World 2023 - WatchHouse.cz","isPartOf":{"@id":"https:\/\/watchhouse.cz\/#website"},"datePublished":"2023-03-03T21:00:00+00:00","dateModified":"2023-07-25T22:38:57+00:00","breadcrumb":{"@id":"https:\/\/watchhouse.cz\/index.php\/goodram-industrial-se-zucastni-veletrhu-embedded-world-2023\/#breadcrumb"},"inLanguage":"cs","potentialAction":[{"@type":"ReadAction","target":["https:\/\/watchhouse.cz\/index.php\/goodram-industrial-se-zucastni-veletrhu-embedded-world-2023\/"]}]},{"@type":"BreadcrumbList","@id":"https:\/\/watchhouse.cz\/index.php\/goodram-industrial-se-zucastni-veletrhu-embedded-world-2023\/#breadcrumb","itemListElement":[{"@type":"ListItem","position":1,"name":"Dom\u016f","item":"https:\/\/watchhouse.cz\/"},{"@type":"ListItem","position":2,"name":"Goodram Industrial se z\u00fa\u010dastn\u00ed veletrhu Embedded World 2023"}]},{"@type":"WebSite","@id":"https:\/\/watchhouse.cz\/#website","url":"https:\/\/watchhouse.cz\/","name":"WatchHouse.cz","description":" Port\u00e1l o hodink\u00e1ch a dopl\u0148c\u00edch...","publisher":{"@id":"https:\/\/watchhouse.cz\/#organization"},"potentialAction":[{"@type":"SearchAction","target":{"@type":"EntryPoint","urlTemplate":"https:\/\/watchhouse.cz\/?s={search_term_string}"},"query-input":"required name=search_term_string"}],"inLanguage":"cs"},{"@type":"Organization","@id":"https:\/\/watchhouse.cz\/#organization","name":"WatchHouse.cz","url":"https:\/\/watchhouse.cz\/","logo":{"@type":"ImageObject","inLanguage":"cs","@id":"https:\/\/watchhouse.cz\/#\/schema\/logo\/image\/","url":"https:\/\/watchhouse.cz\/wp-content\/uploads\/2024\/12\/cropped-Logo_WatchHouse.jpg","contentUrl":"https:\/\/watchhouse.cz\/wp-content\/uploads\/2024\/12\/cropped-Logo_WatchHouse.jpg","width":934,"height":508,"caption":"WatchHouse.cz"},"image":{"@id":"https:\/\/watchhouse.cz\/#\/schema\/logo\/image\/"}},{"@type":"Person","@id":"https:\/\/watchhouse.cz\/#\/schema\/person\/77c762a7c04463ba187194064f6e7ab7","name":"Miroslav Van\u011bk","sameAs":["http:\/\/WatchHouse.cz"],"url":"https:\/\/watchhouse.cz\/index.php\/author\/mirvan\/"}]}},"_links":{"self":[{"href":"https:\/\/watchhouse.cz\/index.php\/wp-json\/wp\/v2\/posts\/997"}],"collection":[{"href":"https:\/\/watchhouse.cz\/index.php\/wp-json\/wp\/v2\/posts"}],"about":[{"href":"https:\/\/watchhouse.cz\/index.php\/wp-json\/wp\/v2\/types\/post"}],"author":[{"embeddable":true,"href":"https:\/\/watchhouse.cz\/index.php\/wp-json\/wp\/v2\/users\/2"}],"replies":[{"embeddable":true,"href":"https:\/\/watchhouse.cz\/index.php\/wp-json\/wp\/v2\/comments?post=997"}],"version-history":[{"count":-4,"href":"https:\/\/watchhouse.cz\/index.php\/wp-json\/wp\/v2\/posts\/997\/revisions"}],"wp:featuredmedia":[{"embeddable":true,"href":"https:\/\/watchhouse.cz\/index.php\/wp-json\/wp\/v2\/media\/998"}],"wp:attachment":[{"href":"https:\/\/watchhouse.cz\/index.php\/wp-json\/wp\/v2\/media?parent=997"}],"wp:term":[{"taxonomy":"category","embeddable":true,"href":"https:\/\/watchhouse.cz\/index.php\/wp-json\/wp\/v2\/categories?post=997"},{"taxonomy":"post_tag","embeddable":true,"href":"https:\/\/watchhouse.cz\/index.php\/wp-json\/wp\/v2\/tags?post=997"}],"curies":[{"name":"wp","href":"https:\/\/api.w.org\/{rel}","templated":true}]}}